{"id":14622,"date":"2024-08-16T09:56:30","date_gmt":"2024-08-16T07:56:30","guid":{"rendered":"https:\/\/handbag-sense.com\/key-trends-from-copenhagen-fashion-week\/"},"modified":"2024-10-18T20:49:30","modified_gmt":"2024-10-18T18:49:30","slug":"key-trends-from-copenhagen-fashion-week","status":"publish","type":"post","link":"https:\/\/handbag-sense.com\/es\/key-trends-from-copenhagen-fashion-week\/","title":{"rendered":"Principales Tendencias de la Semana de la Moda de Copenhague"},"content":{"rendered":"\n<div class=\"woocommerce columns-3 \"><ul class=\"products columns-3\">\n<li class=\"product type-product post-25179 status-publish first instock product_cat-bolso product_cat-bolso-de-noche product_cat-bolso-pequeno product_tag-birkin-25-etoupe-es product_tag-hermes-birkin-25-es has-post-thumbnail shipping-taxable purchasable product-type-simple\">\n\t<a href=\"https:\/\/handbag-sense.com\/es\/producto\/hermes-birkin-25-epsom-ecorce\/\" class=\"woocommerce-LoopProduct-link woocommerce-loop-product__link\"><img decoding=\"async\" width=\"300\" height=\"300\" src=\"https:\/\/handbag-sense.com\/wp-content\/uploads\/2026\/04\/Hermes-Birkin-Tricolore-bag-25-Ecorce-Etoupe-grey-Black-300x300.webp\" class=\"attachment-woocommerce_thumbnail size-woocommerce_thumbnail\" alt=\"Birkin 25 Epsom Ecorce \/ Etoupe \/ Noir Retourne\" srcset=\"https:\/\/handbag-sense.com\/wp-content\/uploads\/2026\/04\/Hermes-Birkin-Tricolore-bag-25-Ecorce-Etoupe-grey-Black-300x300.webp 300w, https:\/\/handbag-sense.com\/wp-content\/uploads\/2026\/04\/Hermes-Birkin-Tricolore-bag-25-Ecorce-Etoupe-grey-Black-150x150.webp 150w, https:\/\/handbag-sense.com\/wp-content\/uploads\/2026\/04\/Hermes-Birkin-Tricolore-bag-25-Ecorce-Etoupe-grey-Black-100x100.webp 100w\" sizes=\"(max-width: 300px) 100vw, 300px\" title=\"\"><h2 class=\"woocommerce-loop-product__title\">Birkin 25 Epsom Ecorce \/ Etoupe \/ Noir Retourne<\/h2>\n\t<span class=\"price\"><span class=\"woocommerce-Price-amount amount\"><bdi>24.500,00&nbsp;<span class=\"woocommerce-Price-currencySymbol\">&euro;<\/span><\/bdi><\/span><\/span>\n\n\n\n<\/a>\n\n\t<p class=\"wc-gzd-additional-info wc-gzd-additional-info-loop shipping-costs-info\">plus <a href=\"https:\/\/handbag-sense.com\/es\/metodos-de-envio\/\" target=\"_blank\">Shipping Costs<\/a><\/p>\n\n\n<a href=\"\/es\/wp-json\/wp\/v2\/posts\/14622?add-to-cart=25179\" aria-describedby=\"woocommerce_loop_add_to_cart_link_describedby_25179\" data-quantity=\"1\" class=\"button wp-element-button product_type_simple add_to_cart_button ajax_add_to_cart\" data-product_id=\"25179\" data-product_sku=\"\" aria-label=\"A\u00f1adir al carrito: &ldquo;Birkin 25 Epsom Ecorce \/ Etoupe \/ Noir Retourne&rdquo;\" rel=\"nofollow\" data-success_message=\"\u00abBirkin 25 Epsom Ecorce \/ Etoupe \/ Noir Retourne\u00bb se ha a\u00f1adido a tu carrito\" role=\"button\">A\u00f1adir al carrito<\/a>\t<span id=\"woocommerce_loop_add_to_cart_link_describedby_25179\" class=\"screen-reader-text\">\n\t\t\t<\/span>\n<\/li>\n<li class=\"product type-product post-25119 status-publish instock product_cat-bandolera product_cat-bolso product_cat-bolso-de-noche product_tag-chanel-clasico-medio product_tag-chanel-clasico-negro product_tag-chanel-negro-medio has-post-thumbnail sold-individually shipping-taxable purchasable product-type-simple\">\n\t<a href=\"https:\/\/handbag-sense.com\/es\/producto\/chanel-medium-classic-double-flap-2\/\" class=\"woocommerce-LoopProduct-link woocommerce-loop-product__link\"><img decoding=\"async\" width=\"300\" height=\"300\" src=\"https:\/\/handbag-sense.com\/wp-content\/uploads\/2026\/04\/Chanel-classic-Black-2-300x300.webp\" class=\"attachment-woocommerce_thumbnail size-woocommerce_thumbnail\" alt=\"Chanel Medium Classic black Caviar Double Flap Bag in lambskin with gold hardware \u2013 iconic luxury handbag\" srcset=\"https:\/\/handbag-sense.com\/wp-content\/uploads\/2026\/04\/Chanel-classic-Black-2-300x300.webp 300w, https:\/\/handbag-sense.com\/wp-content\/uploads\/2026\/04\/Chanel-classic-Black-2-150x150.webp 150w, https:\/\/handbag-sense.com\/wp-content\/uploads\/2026\/04\/Chanel-classic-Black-2-100x100.webp 100w\" sizes=\"(max-width: 300px) 100vw, 300px\" title=\"\"><h2 class=\"woocommerce-loop-product__title\">Medium Classic Double Flap Bag Negro Caviar<\/h2>\n\t<span class=\"price\"><span class=\"woocommerce-Price-amount amount\"><bdi>7.100,00&nbsp;<span class=\"woocommerce-Price-currencySymbol\">&euro;<\/span><\/bdi><\/span><\/span>\n\n\n\n<\/a>\n\n\t<p class=\"wc-gzd-additional-info wc-gzd-additional-info-loop shipping-costs-info\">plus <a href=\"https:\/\/handbag-sense.com\/es\/metodos-de-envio\/\" target=\"_blank\">Shipping Costs<\/a><\/p>\n\n\n<a href=\"\/es\/wp-json\/wp\/v2\/posts\/14622?add-to-cart=25119\" aria-describedby=\"woocommerce_loop_add_to_cart_link_describedby_25119\" data-quantity=\"1\" class=\"button wp-element-button product_type_simple add_to_cart_button ajax_add_to_cart\" data-product_id=\"25119\" data-product_sku=\"\" aria-label=\"A\u00f1adir al carrito: &ldquo;Medium Classic Double Flap Bag Negro Caviar&rdquo;\" rel=\"nofollow\" data-success_message=\"\u00abMedium Classic Double Flap Bag Negro Caviar\u00bb se ha a\u00f1adido a tu carrito\" role=\"button\">A\u00f1adir al carrito<\/a>\t<span id=\"woocommerce_loop_add_to_cart_link_describedby_25119\" class=\"screen-reader-text\">\n\t\t\t<\/span>\n<\/li>\n<li class=\"product type-product post-25116 status-publish last instock product_cat-bolso product_cat-comprador product_tag-birkin-35-togo-es product_tag-bolso-birkin-hermes product_tag-hermes-birkin-35-es has-post-thumbnail sold-individually purchasable product-type-simple\">\n\t<a href=\"https:\/\/handbag-sense.com\/es\/producto\/hermes-birkin-35-etoupe-togo\/\" class=\"woocommerce-LoopProduct-link woocommerce-loop-product__link\"><img decoding=\"async\" width=\"300\" height=\"300\" src=\"https:\/\/handbag-sense.com\/wp-content\/uploads\/2026\/04\/hermes-birkin-35-etoupe-togo-300x300.webp\" class=\"attachment-woocommerce_thumbnail size-woocommerce_thumbnail\" alt=\"Birkin 35 Etoupe Togo\" srcset=\"https:\/\/handbag-sense.com\/wp-content\/uploads\/2026\/04\/hermes-birkin-35-etoupe-togo-300x300.webp 300w, https:\/\/handbag-sense.com\/wp-content\/uploads\/2026\/04\/hermes-birkin-35-etoupe-togo-150x150.webp 150w, https:\/\/handbag-sense.com\/wp-content\/uploads\/2026\/04\/hermes-birkin-35-etoupe-togo-100x100.webp 100w\" sizes=\"(max-width: 300px) 100vw, 300px\" title=\"\"><h2 class=\"woocommerce-loop-product__title\">Birkin 35 Etoupe Togo<\/h2>\n\t<span class=\"price\"><span class=\"woocommerce-Price-amount amount\"><bdi>15.500,00&nbsp;<span class=\"woocommerce-Price-currencySymbol\">&euro;<\/span><\/bdi><\/span><\/span>\n\n\n\n<\/a>\n\t<p class=\"wc-gzd-additional-info wc-gzd-additional-info-loop tax-info\">incl. VAT (differential taxation according to \u00a725a UStG.)<\/p>\n\n\t<p class=\"wc-gzd-additional-info wc-gzd-additional-info-loop shipping-costs-info\">plus <a href=\"https:\/\/handbag-sense.com\/es\/metodos-de-envio\/\" target=\"_blank\">Shipping Costs<\/a><\/p>\n\n\n<a href=\"\/es\/wp-json\/wp\/v2\/posts\/14622?add-to-cart=25116\" aria-describedby=\"woocommerce_loop_add_to_cart_link_describedby_25116\" data-quantity=\"1\" class=\"button wp-element-button product_type_simple add_to_cart_button ajax_add_to_cart\" data-product_id=\"25116\" data-product_sku=\"\" aria-label=\"A\u00f1adir al carrito: &ldquo;Birkin 35 Etoupe Togo&rdquo;\" rel=\"nofollow\" data-success_message=\"\u00abBirkin 35 Etoupe Togo\u00bb se ha a\u00f1adido a tu carrito\" role=\"button\">A\u00f1adir al carrito<\/a>\t<span id=\"woocommerce_loop_add_to_cart_link_describedby_25116\" class=\"screen-reader-text\">\n\t\t\t<\/span>\n<\/li>\n<li class=\"product type-product post-25105 status-publish first instock product_cat-bolso product_tag-birkin-30-negro product_tag-bolso-birkin-hermes product_tag-hermes-birkin-30-es has-post-thumbnail sold-individually shipping-taxable purchasable product-type-simple\">\n\t<a href=\"https:\/\/handbag-sense.com\/es\/producto\/hermes-birkin-30-etoupe-togo-2\/\" class=\"woocommerce-LoopProduct-link woocommerce-loop-product__link\"><img decoding=\"async\" width=\"300\" height=\"300\" src=\"https:\/\/handbag-sense.com\/wp-content\/uploads\/2026\/04\/hermes-Birkin-30-Etoupe-togo-300x300.webp\" class=\"attachment-woocommerce_thumbnail size-woocommerce_thumbnail\" alt=\"Birkin 30 Etoupe Togo\" srcset=\"https:\/\/handbag-sense.com\/wp-content\/uploads\/2026\/04\/hermes-Birkin-30-Etoupe-togo-300x300.webp 300w, https:\/\/handbag-sense.com\/wp-content\/uploads\/2026\/04\/hermes-Birkin-30-Etoupe-togo-150x150.webp 150w, https:\/\/handbag-sense.com\/wp-content\/uploads\/2026\/04\/hermes-Birkin-30-Etoupe-togo-100x100.webp 100w\" sizes=\"(max-width: 300px) 100vw, 300px\" title=\"\"><h2 class=\"woocommerce-loop-product__title\">Birkin 30 Etoupe Togo<\/h2>\n\t<span class=\"price\"><span class=\"woocommerce-Price-amount amount\"><bdi>17.500,00&nbsp;<span class=\"woocommerce-Price-currencySymbol\">&euro;<\/span><\/bdi><\/span><\/span>\n\n\n\n<\/a>\n\n\t<p class=\"wc-gzd-additional-info wc-gzd-additional-info-loop shipping-costs-info\">plus <a href=\"https:\/\/handbag-sense.com\/es\/metodos-de-envio\/\" target=\"_blank\">Shipping Costs<\/a><\/p>\n\n\n<a href=\"\/es\/wp-json\/wp\/v2\/posts\/14622?add-to-cart=25105\" aria-describedby=\"woocommerce_loop_add_to_cart_link_describedby_25105\" data-quantity=\"1\" class=\"button wp-element-button product_type_simple add_to_cart_button ajax_add_to_cart\" data-product_id=\"25105\" data-product_sku=\"\" aria-label=\"A\u00f1adir al carrito: &ldquo;Birkin 30 Etoupe Togo&rdquo;\" rel=\"nofollow\" data-success_message=\"\u00abBirkin 30 Etoupe Togo\u00bb se ha a\u00f1adido a tu carrito\" role=\"button\">A\u00f1adir al carrito<\/a>\t<span id=\"woocommerce_loop_add_to_cart_link_describedby_25105\" class=\"screen-reader-text\">\n\t\t\t<\/span>\n<\/li>\n<li class=\"product type-product post-25033 status-publish instock product_cat-bolsa-de-viaje product_tag-bandouliere-55-x-yk-es product_tag-louis-vuitton-estampado-de-calabaza has-post-thumbnail shipping-taxable purchasable product-type-simple\">\n\t<a href=\"https:\/\/handbag-sense.com\/es\/producto\/louis-vuitton-keepall-light-up\/\" class=\"woocommerce-LoopProduct-link woocommerce-loop-product__link\"><img decoding=\"async\" width=\"300\" height=\"300\" src=\"https:\/\/handbag-sense.com\/wp-content\/uploads\/2026\/04\/Louis-Vuitton-LED-Keepall-Light-Up-300x300.webp\" class=\"attachment-woocommerce_thumbnail size-woocommerce_thumbnail\" alt=\"Keepall Light Up Monogram 50 LED\" srcset=\"https:\/\/handbag-sense.com\/wp-content\/uploads\/2026\/04\/Louis-Vuitton-LED-Keepall-Light-Up-300x300.webp 300w, https:\/\/handbag-sense.com\/wp-content\/uploads\/2026\/04\/Louis-Vuitton-LED-Keepall-Light-Up-150x150.webp 150w, https:\/\/handbag-sense.com\/wp-content\/uploads\/2026\/04\/Louis-Vuitton-LED-Keepall-Light-Up-100x100.webp 100w\" sizes=\"(max-width: 300px) 100vw, 300px\" title=\"\"><h2 class=\"woocommerce-loop-product__title\">Keepall Light Up Monogram 50 LED<\/h2>\n\t<span class=\"price\"><span class=\"woocommerce-Price-amount amount\"><bdi>23.900,00&nbsp;<span class=\"woocommerce-Price-currencySymbol\">&euro;<\/span><\/bdi><\/span><\/span>\n\n\n\n<\/a>\n\n\t<p class=\"wc-gzd-additional-info wc-gzd-additional-info-loop shipping-costs-info\">plus <a href=\"https:\/\/handbag-sense.com\/es\/metodos-de-envio\/\" target=\"_blank\">Shipping Costs<\/a><\/p>\n\n\n<a href=\"\/es\/wp-json\/wp\/v2\/posts\/14622?add-to-cart=25033\" aria-describedby=\"woocommerce_loop_add_to_cart_link_describedby_25033\" data-quantity=\"1\" class=\"button wp-element-button product_type_simple add_to_cart_button ajax_add_to_cart\" data-product_id=\"25033\" data-product_sku=\"\" aria-label=\"A\u00f1adir al carrito: &ldquo;Keepall Light Up Monogram 50 LED&rdquo;\" rel=\"nofollow\" data-success_message=\"\u00abKeepall Light Up Monogram 50 LED\u00bb se ha a\u00f1adido a tu carrito\" role=\"button\">A\u00f1adir al carrito<\/a>\t<span id=\"woocommerce_loop_add_to_cart_link_describedby_25033\" class=\"screen-reader-text\">\n\t\t\t<\/span>\n<\/li>\n<li class=\"product type-product post-25029 status-publish last instock product_cat-bandolera product_cat-bolso-pequeno product_tag-hermes-evelyne-16-es product_tag-hermes-evelyne-mini-es has-post-thumbnail shipping-taxable purchasable product-type-simple\">\n\t<a href=\"https:\/\/handbag-sense.com\/es\/producto\/hermes-evelyne-16-taurillon-clemence\/\" class=\"woocommerce-LoopProduct-link woocommerce-loop-product__link\"><img decoding=\"async\" width=\"300\" height=\"300\" src=\"https:\/\/handbag-sense.com\/wp-content\/uploads\/2026\/04\/Hermes-mini-Evelyne-etoupe-2-300x300.webp\" class=\"attachment-woocommerce_thumbnail size-woocommerce_thumbnail\" alt=\"Evelyne 16 Taurillon Clemence Etoupe\" srcset=\"https:\/\/handbag-sense.com\/wp-content\/uploads\/2026\/04\/Hermes-mini-Evelyne-etoupe-2-300x300.webp 300w, https:\/\/handbag-sense.com\/wp-content\/uploads\/2026\/04\/Hermes-mini-Evelyne-etoupe-2-150x150.webp 150w, https:\/\/handbag-sense.com\/wp-content\/uploads\/2026\/04\/Hermes-mini-Evelyne-etoupe-2-100x100.webp 100w\" sizes=\"(max-width: 300px) 100vw, 300px\" title=\"\"><h2 class=\"woocommerce-loop-product__title\">Evelyne 16 Taurillon Clemence Etoupe<\/h2>\n\t<span class=\"price\"><span class=\"woocommerce-Price-amount amount\"><bdi>2.450,00&nbsp;<span class=\"woocommerce-Price-currencySymbol\">&euro;<\/span><\/bdi><\/span><\/span>\n\n\n\n<\/a>\n\n\t<p class=\"wc-gzd-additional-info wc-gzd-additional-info-loop shipping-costs-info\">plus <a href=\"https:\/\/handbag-sense.com\/es\/metodos-de-envio\/\" target=\"_blank\">Shipping Costs<\/a><\/p>\n\n\n<a href=\"\/es\/wp-json\/wp\/v2\/posts\/14622?add-to-cart=25029\" aria-describedby=\"woocommerce_loop_add_to_cart_link_describedby_25029\" data-quantity=\"1\" class=\"button wp-element-button product_type_simple add_to_cart_button ajax_add_to_cart\" data-product_id=\"25029\" data-product_sku=\"\" aria-label=\"A\u00f1adir al carrito: &ldquo;Evelyne 16 Taurillon Clemence Etoupe&rdquo;\" rel=\"nofollow\" data-success_message=\"\u00abEvelyne 16 Taurillon Clemence Etoupe\u00bb se ha a\u00f1adido a tu carrito\" role=\"button\">A\u00f1adir al carrito<\/a>\t<span id=\"woocommerce_loop_add_to_cart_link_describedby_25029\" class=\"screen-reader-text\">\n\t\t\t<\/span>\n<\/li>\n<\/ul>\n<\/div>\n\n\n\n<p><a href=\"https:\/\/handbag-sense.com\/es\">La Semana de la Moda<\/a> de Copenhague, que tuvo lugar del 5 al 9 de agosto de 2024, present\u00f3 las colecciones primavera-verano 2025 y reuni\u00f3 a estilistas, celebridades e influencers de moda de todo el mundo. El evento destac\u00f3 varias tendencias clave para la pr\u00f3xima temporada.<\/p>\n\n\n\n<div class=\"wp-block-columns is-layout-flex wp-container-core-columns-is-layout-28f84493 wp-block-columns-is-layout-flex\">\n<div class=\"wp-block-column is-layout-flow wp-block-column-is-layout-flow\"><\/div>\n\n\n\n<div class=\"wp-block-column is-layout-flow wp-block-column-is-layout-flow\"><\/div>\n<\/div>\n\n\n\n<p><strong>Romanticismo Escandinavo<\/strong><br>La combinaci\u00f3n del minimalismo escandinavo con elementos rom\u00e1nticos juguetones es una tendencia que a\u00fan no tiene un t\u00e9rmino espec\u00edfico, pero crea un efecto notablemente armonioso.<\/p>\n\n\n\n<div class=\"wp-block-columns is-layout-flex wp-container-core-columns-is-layout-28f84493 wp-block-columns-is-layout-flex\">\n<div class=\"wp-block-column is-layout-flow wp-block-column-is-layout-flow\"><\/div>\n\n\n\n<div class=\"wp-block-column is-layout-flow wp-block-column-is-layout-flow\"><\/div>\n<\/div>\n\n\n\n<p><strong><a href=\"https:\/\/handbag-sense.com\/es\">Trench Coats<\/a> como Parte del Vestuario de Verano<\/strong><br>Los trench coats pueden parecer un concepto sobreutilizado, pero las marcas escandinavas como The Garment, MKDT Studio, Lovechild1979, Herskind y Skall Studio han reinventado este b\u00e1sico de oto\u00f1o-primavera. Sus colecciones presentan trench coats hechos de tejidos ligeros adecuados para el clima c\u00e1lido.<\/p>\n\n\n\n<div class=\"wp-block-columns is-layout-flex wp-container-core-columns-is-layout-28f84493 wp-block-columns-is-layout-flex\">\n<div class=\"wp-block-column is-layout-flow wp-block-column-is-layout-flow\"><\/div>\n\n\n\n<div class=\"wp-block-column is-layout-flow wp-block-column-is-layout-flow\"><\/div>\n<\/div>\n\n\n\n<p><strong>Capris se Hacen M\u00e1s Cortos: Los Bichos son la Nueva Tendencia para 2025<\/strong><br>A medida que evolucionan las tendencias, los capris se est\u00e1n transformando en estilos m\u00e1s cortos, dando lugar a la aparici\u00f3n de los b\u00e1rtulos como una nueva tendencia para 2025.<\/p>\n\n\n\n<div class=\"wp-block-columns is-layout-flex wp-container-core-columns-is-layout-28f84493 wp-block-columns-is-layout-flex\">\n<div class=\"wp-block-column is-layout-flow wp-block-column-is-layout-flow\"><\/div>\n\n\n\n<div class=\"wp-block-column is-layout-flow wp-block-column-is-layout-flow\"><\/div>\n<\/div>\n\n\n\n<p><strong>Chaquetas y Camisas Alteradas<\/strong><br>Inspirada en los a\u00f1os 80, esta tendencia presenta chaquetas y camisas con mangas amplias y cortas, ofreciendo una nueva perspectiva sobre los b\u00e1sicos del armario. Las marcas MKDT Studio y Skall Studio muestran sus interpretaciones \u00fanicas en sus \u00faltimas colecciones.<\/p>\n\n\n\n<div class=\"wp-block-columns is-layout-flex wp-container-core-columns-is-layout-28f84493 wp-block-columns-is-layout-flex\">\n<div class=\"wp-block-column is-layout-flow wp-block-column-is-layout-flow\"><\/div>\n\n\n\n<div class=\"wp-block-column is-layout-flow wp-block-column-is-layout-flow\"><\/div>\n<\/div>\n\n\n\n<p><strong>Vestidos Rectos Minimalistas<\/strong><br>El vestido recto minimalista sigue siendo un favorito, presentado en varias interpretaciones, colores y texturas. Fue destacado en las colecciones de Skall Studio y Herskind.<\/p>\n\n\n\n<div class=\"wp-block-columns is-layout-flex wp-container-core-columns-is-layout-28f84493 wp-block-columns-is-layout-flex\">\n<div class=\"wp-block-column is-layout-flow wp-block-column-is-layout-flow\"><\/div>\n\n\n\n<div class=\"wp-block-column is-layout-flow wp-block-column-is-layout-flow\"><\/div>\n<\/div>\n\n\n\n<p><strong>Nylon y Telas Transparentes<\/strong><br>El nylon y los materiales transparentes se han convertido en texturas clave en las colecciones de marcas escandinavas, ideales para la temporada de primavera-verano. El minimalismo y la ligereza son temas centrales en la Semana de la Moda de Copenhague.<\/p>\n\n\n\n<div class=\"wp-block-columns is-layout-flex wp-container-core-columns-is-layout-28f84493 wp-block-columns-is-layout-flex\">\n<div class=\"wp-block-column is-layout-flow wp-block-column-is-layout-flow\"><\/div>\n\n\n\n<div class=\"wp-block-column is-layout-flow wp-block-column-is-layout-flow\"><\/div>\n<\/div>\n\n\n\n<p><strong>Colores Pastel<\/strong><br>Los tonos pastel siguen siendo tendencia por segunda temporada consecutiva. Aunque no son nuevos, estas piezas usables y est\u00e9ticamente agradables en colores pastel contin\u00faan en 2025.<\/p>\n\n\n\n<p><strong>Flores y Volantes<\/strong><br>Presentados en colecciones de marcas como Opera Sport, Skall Studio y Herskind, los estampados florales y los volantes tambi\u00e9n son populares en el estilo callejero.<\/p>\n\n\n\n<div class=\"wp-block-columns is-layout-flex wp-container-core-columns-is-layout-28f84493 wp-block-columns-is-layout-flex\">\n<div class=\"wp-block-column is-layout-flow wp-block-column-is-layout-flow\"><\/div>\n\n\n\n<div class=\"wp-block-column is-layout-flow wp-block-column-is-layout-flow\"><\/div>\n<\/div>\n\n\n\n<p><strong>Deportes en Todas Sus Manifestaciones<\/strong><br>El esp\u00edritu ol\u00edmpico ha tenido un impacto significativo, prepar\u00e1ndonos para un auge de la ropa deportiva. La marca Baum und Pferdgarten realiz\u00f3 un gran espect\u00e1culo en un estadio, donde la pasarela era una pista deportiva y los invitados se sentaban en las gradas.<\/p>\n\n\n\n<p><strong>\u00bfPanam\u00e1 o Sombrero Cloche?<\/strong><br>Las marcas escandinavas presentaron una versi\u00f3n actualizada del sombrero panam\u00e1, que recuerda a la forma del sombrero cloche, dando un nuevo giro a esta tendencia de accesorios.<\/p>\n\n\n\n<div class=\"wp-block-columns is-layout-flex wp-container-core-columns-is-layout-28f84493 wp-block-columns-is-layout-flex\">\n<div class=\"wp-block-column is-layout-flow wp-block-column-is-layout-flow\"><\/div>\n\n\n\n<div class=\"wp-block-column is-layout-flow wp-block-column-is-layout-flow\"><\/div>\n<\/div>\n\n\n\n<p>Estas tendencias de la Semana de la Moda de Copenhague marcar\u00e1n el ritmo para la pr\u00f3xima temporada, ofreciendo nuevas formas de actualizar tu vestuario de acuerdo con las \u00faltimas direcciones de la moda.<\/p>\n","protected":false},"excerpt":{"rendered":"<p>La Semana de la Moda de Copenhague, que tuvo lugar del 5 al 9 de agosto de 2024, present\u00f3 las colecciones primavera-verano 2025 y reuni\u00f3 a estilistas, celebridades e influencers de moda de todo el mundo. El evento destac\u00f3 varias tendencias clave para la pr\u00f3xima temporada. Romanticismo EscandinavoLa combinaci\u00f3n del minimalismo escandinavo con elementos rom\u00e1nticos [&hellip;]<\/p>\n","protected":false},"author":2,"featured_media":17503,"comment_status":"closed","ping_status":"closed","sticky":false,"template":"","format":"standard","meta":{"footnotes":""},"categories":[2099],"tags":[],"class_list":["post-14622","post","type-post","status-publish","format-standard","has-post-thumbnail","hentry","category-2099"],"_links":{"self":[{"href":"https:\/\/handbag-sense.com\/es\/wp-json\/wp\/v2\/posts\/14622","targetHints":{"allow":["GET"]}}],"collection":[{"href":"https:\/\/handbag-sense.com\/es\/wp-json\/wp\/v2\/posts"}],"about":[{"href":"https:\/\/handbag-sense.com\/es\/wp-json\/wp\/v2\/types\/post"}],"author":[{"embeddable":true,"href":"https:\/\/handbag-sense.com\/es\/wp-json\/wp\/v2\/users\/2"}],"replies":[{"embeddable":true,"href":"https:\/\/handbag-sense.com\/es\/wp-json\/wp\/v2\/comments?post=14622"}],"version-history":[{"count":0,"href":"https:\/\/handbag-sense.com\/es\/wp-json\/wp\/v2\/posts\/14622\/revisions"}],"wp:featuredmedia":[{"embeddable":true,"href":"https:\/\/handbag-sense.com\/es\/wp-json\/wp\/v2\/media\/17503"}],"wp:attachment":[{"href":"https:\/\/handbag-sense.com\/es\/wp-json\/wp\/v2\/media?parent=14622"}],"wp:term":[{"taxonomy":"category","embeddable":true,"href":"https:\/\/handbag-sense.com\/es\/wp-json\/wp\/v2\/categories?post=14622"},{"taxonomy":"post_tag","embeddable":true,"href":"https:\/\/handbag-sense.com\/es\/wp-json\/wp\/v2\/tags?post=14622"}],"curies":[{"name":"wp","href":"https:\/\/api.w.org\/{rel}","templated":true}]}}