{"id":14305,"date":"2024-07-29T08:27:12","date_gmt":"2024-07-29T06:27:12","guid":{"rendered":"https:\/\/handbag-sense.com\/how-and-what-to-wear-with-a-line-skirts-this-season-the-most-relevant-stylizations\/"},"modified":"2024-10-18T20:49:46","modified_gmt":"2024-10-18T18:49:46","slug":"how-and-what-to-wear-with-a-line-skirts-this-season-the-most-relevant-stylizations","status":"publish","type":"post","link":"https:\/\/handbag-sense.com\/es\/how-and-what-to-wear-with-a-line-skirts-this-season-the-most-relevant-stylizations\/","title":{"rendered":"C\u00d3MO Y CON QU\u00c9 LLEVAR FALDAS EN A EN ESTA TEMPORADA: LOS ESTILOS M\u00c1S ACTUALES"},"content":{"rendered":"\n<div class=\"woocommerce columns-3 \"><ul class=\"products columns-3\">\n<li class=\"product type-product post-25179 status-publish first instock product_cat-bolso product_cat-bolso-de-noche product_cat-bolso-pequeno product_tag-birkin-25-etoupe-es product_tag-hermes-birkin-25-es has-post-thumbnail shipping-taxable purchasable product-type-simple\">\n\t<a href=\"https:\/\/handbag-sense.com\/es\/producto\/hermes-birkin-25-epsom-ecorce\/\" class=\"woocommerce-LoopProduct-link woocommerce-loop-product__link\"><img decoding=\"async\" width=\"300\" height=\"300\" src=\"https:\/\/handbag-sense.com\/wp-content\/uploads\/2026\/04\/Hermes-Birkin-Tricolore-bag-25-Ecorce-Etoupe-grey-Black-300x300.webp\" class=\"attachment-woocommerce_thumbnail size-woocommerce_thumbnail\" alt=\"Birkin 25 Epsom Ecorce \/ Etoupe \/ Noir Retourne\" srcset=\"https:\/\/handbag-sense.com\/wp-content\/uploads\/2026\/04\/Hermes-Birkin-Tricolore-bag-25-Ecorce-Etoupe-grey-Black-300x300.webp 300w, https:\/\/handbag-sense.com\/wp-content\/uploads\/2026\/04\/Hermes-Birkin-Tricolore-bag-25-Ecorce-Etoupe-grey-Black-150x150.webp 150w, https:\/\/handbag-sense.com\/wp-content\/uploads\/2026\/04\/Hermes-Birkin-Tricolore-bag-25-Ecorce-Etoupe-grey-Black-100x100.webp 100w\" sizes=\"(max-width: 300px) 100vw, 300px\" title=\"\"><h2 class=\"woocommerce-loop-product__title\">Birkin 25 Epsom Ecorce \/ Etoupe \/ Noir Retourne<\/h2>\n\t<span class=\"price\"><span class=\"woocommerce-Price-amount amount\"><bdi>24.500,00&nbsp;<span class=\"woocommerce-Price-currencySymbol\">&euro;<\/span><\/bdi><\/span><\/span>\n\n\n\n<\/a>\n\n\t<p class=\"wc-gzd-additional-info wc-gzd-additional-info-loop shipping-costs-info\">plus <a href=\"https:\/\/handbag-sense.com\/es\/metodos-de-envio\/\" target=\"_blank\">Shipping Costs<\/a><\/p>\n\n\n<a href=\"\/es\/wp-json\/wp\/v2\/posts\/14305?add-to-cart=25179\" aria-describedby=\"woocommerce_loop_add_to_cart_link_describedby_25179\" data-quantity=\"1\" class=\"button wp-element-button product_type_simple add_to_cart_button ajax_add_to_cart\" data-product_id=\"25179\" data-product_sku=\"\" aria-label=\"A\u00f1adir al carrito: &ldquo;Birkin 25 Epsom Ecorce \/ Etoupe \/ Noir Retourne&rdquo;\" rel=\"nofollow\" data-success_message=\"\u00abBirkin 25 Epsom Ecorce \/ Etoupe \/ Noir Retourne\u00bb se ha a\u00f1adido a tu carrito\" role=\"button\">A\u00f1adir al carrito<\/a>\t<span id=\"woocommerce_loop_add_to_cart_link_describedby_25179\" class=\"screen-reader-text\">\n\t\t\t<\/span>\n<\/li>\n<li class=\"product type-product post-25119 status-publish instock product_cat-bandolera product_cat-bolso product_cat-bolso-de-noche product_tag-chanel-clasico-medio product_tag-chanel-clasico-negro product_tag-chanel-negro-medio has-post-thumbnail sold-individually shipping-taxable purchasable product-type-simple\">\n\t<a href=\"https:\/\/handbag-sense.com\/es\/producto\/chanel-medium-classic-double-flap-2\/\" class=\"woocommerce-LoopProduct-link woocommerce-loop-product__link\"><img decoding=\"async\" width=\"300\" height=\"300\" src=\"https:\/\/handbag-sense.com\/wp-content\/uploads\/2026\/04\/Chanel-classic-Black-2-300x300.webp\" class=\"attachment-woocommerce_thumbnail size-woocommerce_thumbnail\" alt=\"Chanel Medium Classic black Caviar Double Flap Bag in lambskin with gold hardware \u2013 iconic luxury handbag\" srcset=\"https:\/\/handbag-sense.com\/wp-content\/uploads\/2026\/04\/Chanel-classic-Black-2-300x300.webp 300w, https:\/\/handbag-sense.com\/wp-content\/uploads\/2026\/04\/Chanel-classic-Black-2-150x150.webp 150w, https:\/\/handbag-sense.com\/wp-content\/uploads\/2026\/04\/Chanel-classic-Black-2-100x100.webp 100w\" sizes=\"(max-width: 300px) 100vw, 300px\" title=\"\"><h2 class=\"woocommerce-loop-product__title\">Medium Classic Double Flap Bag Negro Caviar<\/h2>\n\t<span class=\"price\"><span class=\"woocommerce-Price-amount amount\"><bdi>7.100,00&nbsp;<span class=\"woocommerce-Price-currencySymbol\">&euro;<\/span><\/bdi><\/span><\/span>\n\n\n\n<\/a>\n\n\t<p class=\"wc-gzd-additional-info wc-gzd-additional-info-loop shipping-costs-info\">plus <a href=\"https:\/\/handbag-sense.com\/es\/metodos-de-envio\/\" target=\"_blank\">Shipping Costs<\/a><\/p>\n\n\n<a href=\"\/es\/wp-json\/wp\/v2\/posts\/14305?add-to-cart=25119\" aria-describedby=\"woocommerce_loop_add_to_cart_link_describedby_25119\" data-quantity=\"1\" class=\"button wp-element-button product_type_simple add_to_cart_button ajax_add_to_cart\" data-product_id=\"25119\" data-product_sku=\"\" aria-label=\"A\u00f1adir al carrito: &ldquo;Medium Classic Double Flap Bag Negro Caviar&rdquo;\" rel=\"nofollow\" data-success_message=\"\u00abMedium Classic Double Flap Bag Negro Caviar\u00bb se ha a\u00f1adido a tu carrito\" role=\"button\">A\u00f1adir al carrito<\/a>\t<span id=\"woocommerce_loop_add_to_cart_link_describedby_25119\" class=\"screen-reader-text\">\n\t\t\t<\/span>\n<\/li>\n<li class=\"product type-product post-25116 status-publish last instock product_cat-bolso product_cat-comprador product_tag-birkin-35-togo-es product_tag-bolso-birkin-hermes product_tag-hermes-birkin-35-es has-post-thumbnail sold-individually purchasable product-type-simple\">\n\t<a href=\"https:\/\/handbag-sense.com\/es\/producto\/hermes-birkin-35-etoupe-togo\/\" class=\"woocommerce-LoopProduct-link woocommerce-loop-product__link\"><img decoding=\"async\" width=\"300\" height=\"300\" src=\"https:\/\/handbag-sense.com\/wp-content\/uploads\/2026\/04\/hermes-birkin-35-etoupe-togo-300x300.webp\" class=\"attachment-woocommerce_thumbnail size-woocommerce_thumbnail\" alt=\"Birkin 35 Etoupe Togo\" srcset=\"https:\/\/handbag-sense.com\/wp-content\/uploads\/2026\/04\/hermes-birkin-35-etoupe-togo-300x300.webp 300w, https:\/\/handbag-sense.com\/wp-content\/uploads\/2026\/04\/hermes-birkin-35-etoupe-togo-150x150.webp 150w, https:\/\/handbag-sense.com\/wp-content\/uploads\/2026\/04\/hermes-birkin-35-etoupe-togo-100x100.webp 100w\" sizes=\"(max-width: 300px) 100vw, 300px\" title=\"\"><h2 class=\"woocommerce-loop-product__title\">Birkin 35 Etoupe Togo<\/h2>\n\t<span class=\"price\"><span class=\"woocommerce-Price-amount amount\"><bdi>15.500,00&nbsp;<span class=\"woocommerce-Price-currencySymbol\">&euro;<\/span><\/bdi><\/span><\/span>\n\n\n\n<\/a>\n\t<p class=\"wc-gzd-additional-info wc-gzd-additional-info-loop tax-info\">incl. VAT (differential taxation according to \u00a725a UStG.)<\/p>\n\n\t<p class=\"wc-gzd-additional-info wc-gzd-additional-info-loop shipping-costs-info\">plus <a href=\"https:\/\/handbag-sense.com\/es\/metodos-de-envio\/\" target=\"_blank\">Shipping Costs<\/a><\/p>\n\n\n<a href=\"\/es\/wp-json\/wp\/v2\/posts\/14305?add-to-cart=25116\" aria-describedby=\"woocommerce_loop_add_to_cart_link_describedby_25116\" data-quantity=\"1\" class=\"button wp-element-button product_type_simple add_to_cart_button ajax_add_to_cart\" data-product_id=\"25116\" data-product_sku=\"\" aria-label=\"A\u00f1adir al carrito: &ldquo;Birkin 35 Etoupe Togo&rdquo;\" rel=\"nofollow\" data-success_message=\"\u00abBirkin 35 Etoupe Togo\u00bb se ha a\u00f1adido a tu carrito\" role=\"button\">A\u00f1adir al carrito<\/a>\t<span id=\"woocommerce_loop_add_to_cart_link_describedby_25116\" class=\"screen-reader-text\">\n\t\t\t<\/span>\n<\/li>\n<li class=\"product type-product post-25105 status-publish first instock product_cat-bolso product_tag-birkin-30-negro product_tag-bolso-birkin-hermes product_tag-hermes-birkin-30-es has-post-thumbnail sold-individually shipping-taxable purchasable product-type-simple\">\n\t<a href=\"https:\/\/handbag-sense.com\/es\/producto\/hermes-birkin-30-etoupe-togo-2\/\" class=\"woocommerce-LoopProduct-link woocommerce-loop-product__link\"><img decoding=\"async\" width=\"300\" height=\"300\" src=\"https:\/\/handbag-sense.com\/wp-content\/uploads\/2026\/04\/hermes-Birkin-30-Etoupe-togo-300x300.webp\" class=\"attachment-woocommerce_thumbnail size-woocommerce_thumbnail\" alt=\"Birkin 30 Etoupe Togo\" srcset=\"https:\/\/handbag-sense.com\/wp-content\/uploads\/2026\/04\/hermes-Birkin-30-Etoupe-togo-300x300.webp 300w, https:\/\/handbag-sense.com\/wp-content\/uploads\/2026\/04\/hermes-Birkin-30-Etoupe-togo-150x150.webp 150w, https:\/\/handbag-sense.com\/wp-content\/uploads\/2026\/04\/hermes-Birkin-30-Etoupe-togo-100x100.webp 100w\" sizes=\"(max-width: 300px) 100vw, 300px\" title=\"\"><h2 class=\"woocommerce-loop-product__title\">Birkin 30 Etoupe Togo<\/h2>\n\t<span class=\"price\"><span class=\"woocommerce-Price-amount amount\"><bdi>17.500,00&nbsp;<span class=\"woocommerce-Price-currencySymbol\">&euro;<\/span><\/bdi><\/span><\/span>\n\n\n\n<\/a>\n\n\t<p class=\"wc-gzd-additional-info wc-gzd-additional-info-loop shipping-costs-info\">plus <a href=\"https:\/\/handbag-sense.com\/es\/metodos-de-envio\/\" target=\"_blank\">Shipping Costs<\/a><\/p>\n\n\n<a href=\"\/es\/wp-json\/wp\/v2\/posts\/14305?add-to-cart=25105\" aria-describedby=\"woocommerce_loop_add_to_cart_link_describedby_25105\" data-quantity=\"1\" class=\"button wp-element-button product_type_simple add_to_cart_button ajax_add_to_cart\" data-product_id=\"25105\" data-product_sku=\"\" aria-label=\"A\u00f1adir al carrito: &ldquo;Birkin 30 Etoupe Togo&rdquo;\" rel=\"nofollow\" data-success_message=\"\u00abBirkin 30 Etoupe Togo\u00bb se ha a\u00f1adido a tu carrito\" role=\"button\">A\u00f1adir al carrito<\/a>\t<span id=\"woocommerce_loop_add_to_cart_link_describedby_25105\" class=\"screen-reader-text\">\n\t\t\t<\/span>\n<\/li>\n<li class=\"product type-product post-25033 status-publish instock product_cat-bolsa-de-viaje product_tag-bandouliere-55-x-yk-es product_tag-louis-vuitton-estampado-de-calabaza has-post-thumbnail shipping-taxable purchasable product-type-simple\">\n\t<a href=\"https:\/\/handbag-sense.com\/es\/producto\/louis-vuitton-keepall-light-up\/\" class=\"woocommerce-LoopProduct-link woocommerce-loop-product__link\"><img decoding=\"async\" width=\"300\" height=\"300\" src=\"https:\/\/handbag-sense.com\/wp-content\/uploads\/2026\/04\/Louis-Vuitton-LED-Keepall-Light-Up-300x300.webp\" class=\"attachment-woocommerce_thumbnail size-woocommerce_thumbnail\" alt=\"Keepall Light Up Monogram 50 LED\" srcset=\"https:\/\/handbag-sense.com\/wp-content\/uploads\/2026\/04\/Louis-Vuitton-LED-Keepall-Light-Up-300x300.webp 300w, https:\/\/handbag-sense.com\/wp-content\/uploads\/2026\/04\/Louis-Vuitton-LED-Keepall-Light-Up-150x150.webp 150w, https:\/\/handbag-sense.com\/wp-content\/uploads\/2026\/04\/Louis-Vuitton-LED-Keepall-Light-Up-100x100.webp 100w\" sizes=\"(max-width: 300px) 100vw, 300px\" title=\"\"><h2 class=\"woocommerce-loop-product__title\">Keepall Light Up Monogram 50 LED<\/h2>\n\t<span class=\"price\"><span class=\"woocommerce-Price-amount amount\"><bdi>23.900,00&nbsp;<span class=\"woocommerce-Price-currencySymbol\">&euro;<\/span><\/bdi><\/span><\/span>\n\n\n\n<\/a>\n\n\t<p class=\"wc-gzd-additional-info wc-gzd-additional-info-loop shipping-costs-info\">plus <a href=\"https:\/\/handbag-sense.com\/es\/metodos-de-envio\/\" target=\"_blank\">Shipping Costs<\/a><\/p>\n\n\n<a href=\"\/es\/wp-json\/wp\/v2\/posts\/14305?add-to-cart=25033\" aria-describedby=\"woocommerce_loop_add_to_cart_link_describedby_25033\" data-quantity=\"1\" class=\"button wp-element-button product_type_simple add_to_cart_button ajax_add_to_cart\" data-product_id=\"25033\" data-product_sku=\"\" aria-label=\"A\u00f1adir al carrito: &ldquo;Keepall Light Up Monogram 50 LED&rdquo;\" rel=\"nofollow\" data-success_message=\"\u00abKeepall Light Up Monogram 50 LED\u00bb se ha a\u00f1adido a tu carrito\" role=\"button\">A\u00f1adir al carrito<\/a>\t<span id=\"woocommerce_loop_add_to_cart_link_describedby_25033\" class=\"screen-reader-text\">\n\t\t\t<\/span>\n<\/li>\n<li class=\"product type-product post-25029 status-publish last instock product_cat-bandolera product_cat-bolso-pequeno product_tag-hermes-evelyne-16-es product_tag-hermes-evelyne-mini-es has-post-thumbnail shipping-taxable purchasable product-type-simple\">\n\t<a href=\"https:\/\/handbag-sense.com\/es\/producto\/hermes-evelyne-16-taurillon-clemence\/\" class=\"woocommerce-LoopProduct-link woocommerce-loop-product__link\"><img decoding=\"async\" width=\"300\" height=\"300\" src=\"https:\/\/handbag-sense.com\/wp-content\/uploads\/2026\/04\/Hermes-mini-Evelyne-etoupe-2-300x300.webp\" class=\"attachment-woocommerce_thumbnail size-woocommerce_thumbnail\" alt=\"Evelyne 16 Taurillon Clemence Etoupe\" srcset=\"https:\/\/handbag-sense.com\/wp-content\/uploads\/2026\/04\/Hermes-mini-Evelyne-etoupe-2-300x300.webp 300w, https:\/\/handbag-sense.com\/wp-content\/uploads\/2026\/04\/Hermes-mini-Evelyne-etoupe-2-150x150.webp 150w, https:\/\/handbag-sense.com\/wp-content\/uploads\/2026\/04\/Hermes-mini-Evelyne-etoupe-2-100x100.webp 100w\" sizes=\"(max-width: 300px) 100vw, 300px\" title=\"\"><h2 class=\"woocommerce-loop-product__title\">Evelyne 16 Taurillon Clemence Etoupe<\/h2>\n\t<span class=\"price\"><span class=\"woocommerce-Price-amount amount\"><bdi>2.450,00&nbsp;<span class=\"woocommerce-Price-currencySymbol\">&euro;<\/span><\/bdi><\/span><\/span>\n\n\n\n<\/a>\n\n\t<p class=\"wc-gzd-additional-info wc-gzd-additional-info-loop shipping-costs-info\">plus <a href=\"https:\/\/handbag-sense.com\/es\/metodos-de-envio\/\" target=\"_blank\">Shipping Costs<\/a><\/p>\n\n\n<a href=\"\/es\/wp-json\/wp\/v2\/posts\/14305?add-to-cart=25029\" aria-describedby=\"woocommerce_loop_add_to_cart_link_describedby_25029\" data-quantity=\"1\" class=\"button wp-element-button product_type_simple add_to_cart_button ajax_add_to_cart\" data-product_id=\"25029\" data-product_sku=\"\" aria-label=\"A\u00f1adir al carrito: &ldquo;Evelyne 16 Taurillon Clemence Etoupe&rdquo;\" rel=\"nofollow\" data-success_message=\"\u00abEvelyne 16 Taurillon Clemence Etoupe\u00bb se ha a\u00f1adido a tu carrito\" role=\"button\">A\u00f1adir al carrito<\/a>\t<span id=\"woocommerce_loop_add_to_cart_link_describedby_25029\" class=\"screen-reader-text\">\n\t\t\t<\/span>\n<\/li>\n<\/ul>\n<\/div>\n\n\n\n<p><a href=\"https:\/\/handbag-sense.com\/es\">Existen tendencias<\/a> que permanecen relevantes incluso con el cambio de estaciones. Este verano, volvemos a centrarnos en los modelos de faldas midi en A. Con su dise\u00f1o refinado y elegante, que acent\u00faa la cintura y esculpe la figura, esta prenda sigue conquistando los corazones de las fashionistas en todo el mundo.<\/p>\n\n\n\n<p>No es sorprendente que una de las primeras marcas en abordar estas faldas en las colecciones de primavera-verano haya sido Dior. Maria Grazia Chiuri reinterpret\u00f3 los tradicionales modelos plisados de Christian Dior, present\u00e1ndolos en nuevas versiones \u2013 transl\u00facidos de tul o encaje con dobladillos deshilachados. La dise\u00f1adora los combin\u00f3 con elementos m\u00e1s estrictos del guardarropa, como camisas oversize y blazers masculinos. En la colecci\u00f3n de alta costura de la marca, las faldas en A se presentaron en versiones adornadas con cuentas y piedras. Por su parte, Louis Vuitton destac\u00f3 faldas ligeras en varios capas de tela, complement\u00e1ndolas con cors\u00e9s de cuero largos.<\/p>\n\n\n\n<p><a href=\"https:\/\/handbag-sense.com\/es\">Este verano<\/a>, los influencers de moda en su mayor\u00eda eligen faldas en tonos neutros, que se combinan f\u00e1cilmente con otras prendas \u2013 blanco, negro, gris y azul marino. Para un look casual con una falda en A, a\u00f1ade un chaleco de traje con cintur\u00f3n, bailarinas y una bolsa llamativa. O, siguiendo el consejo de los bloggers de moda, opta por una camiseta b\u00e1sica y sandalias o chanclas.<\/p>\n\n\n\n<p>Una falda as\u00ed tambi\u00e9n es ideal para eventos oficiales, como en la oficina o en reuniones de negocios. En estos casos, combina la falda con camisas metidas por dentro, mocasines y diversos accesorios \u2013 bolsas, joyas, gafas de sol y cinturones.<\/p>\n\n\n\n<p>Inspirado en el estilo New Look, prueba a crear un look rom\u00e1ntico con un cors\u00e9 de encaje y tacones altos.<\/p>\n\n\n\n<p>Aqu\u00ed tienes algunas ideas para looks elegantes con faldas en A:<\/p>\n\n\n\n<ol start=\"1\" class=\"wp-block-list\">\n<li><strong>Look casual<\/strong>: Lleva una falda midi en A con una camiseta blanca y zapatillas. Completa el look con un sombrero de paja y una bolsa trenzada.<\/li>\n\n\n\n<li><strong>Estilo rom\u00e1ntico<\/strong>: Combina una falda maxi con un cors\u00e9 de encaje y sandalias de tac\u00f3n bajo. A\u00f1ade grandes pendientes y un clutch.<\/li>\n\n\n\n<li><strong>Estilo de oficina<\/strong>: Lleva la falda midi en A con un blazer voluminoso y zapatos de tac\u00f3n. Agrega una bolsa elegante y joyas discretas.<\/li>\n\n\n\n<li><strong>Look de noche<\/strong>: Opta por una falda maxi ajustada y comb\u00ednala con una blusa brillante y tacones altos. Completa el look con un clutch y un l\u00e1piz labial llamativo.<\/li>\n\n\n\n<li><strong>Estilo deportivo<\/strong>: Combina la falda midi en A con una camiseta oversize y zapatillas. A\u00f1ade una mochila y una gorra para completar el look.<\/li>\n<\/ol>\n\n\n\n<p>Las faldas en A son vers\u00e1tiles y se pueden adaptar a cualquier estilo y ocasi\u00f3n. Aportan elegancia y ligereza a cualquier outfit, y su variedad de cortes y colores permite encontrar la opci\u00f3n perfecta para cada persona. \u00a1Experimenta con diferentes combinaciones y disfruta del confort y la elegancia que las faldas en A ofrecen incluso en los d\u00edas m\u00e1s calurosos!<\/p>\n","protected":false},"excerpt":{"rendered":"<p>Existen tendencias que permanecen relevantes incluso con el cambio de estaciones. Este verano, volvemos a centrarnos en los modelos de faldas midi en A. Con su dise\u00f1o refinado y elegante, que acent\u00faa la cintura y esculpe la figura, esta prenda sigue conquistando los corazones de las fashionistas en todo el mundo. No es sorprendente que [&hellip;]<\/p>\n","protected":false},"author":2,"featured_media":18126,"comment_status":"closed","ping_status":"closed","sticky":false,"template":"","format":"standard","meta":{"footnotes":""},"categories":[2099],"tags":[],"class_list":["post-14305","post","type-post","status-publish","format-standard","has-post-thumbnail","hentry","category-2099"],"_links":{"self":[{"href":"https:\/\/handbag-sense.com\/es\/wp-json\/wp\/v2\/posts\/14305","targetHints":{"allow":["GET"]}}],"collection":[{"href":"https:\/\/handbag-sense.com\/es\/wp-json\/wp\/v2\/posts"}],"about":[{"href":"https:\/\/handbag-sense.com\/es\/wp-json\/wp\/v2\/types\/post"}],"author":[{"embeddable":true,"href":"https:\/\/handbag-sense.com\/es\/wp-json\/wp\/v2\/users\/2"}],"replies":[{"embeddable":true,"href":"https:\/\/handbag-sense.com\/es\/wp-json\/wp\/v2\/comments?post=14305"}],"version-history":[{"count":0,"href":"https:\/\/handbag-sense.com\/es\/wp-json\/wp\/v2\/posts\/14305\/revisions"}],"wp:featuredmedia":[{"embeddable":true,"href":"https:\/\/handbag-sense.com\/es\/wp-json\/wp\/v2\/media\/18126"}],"wp:attachment":[{"href":"https:\/\/handbag-sense.com\/es\/wp-json\/wp\/v2\/media?parent=14305"}],"wp:term":[{"taxonomy":"category","embeddable":true,"href":"https:\/\/handbag-sense.com\/es\/wp-json\/wp\/v2\/categories?post=14305"},{"taxonomy":"post_tag","embeddable":true,"href":"https:\/\/handbag-sense.com\/es\/wp-json\/wp\/v2\/tags?post=14305"}],"curies":[{"name":"wp","href":"https:\/\/api.w.org\/{rel}","templated":true}]}}