{"id":9105,"date":"2024-05-08T19:06:14","date_gmt":"2024-05-08T17:06:14","guid":{"rendered":"https:\/\/handbag-sense.com\/behind-the-scenes-of-jacquemus-opening-of-the-new-office-in-paris\/"},"modified":"2024-10-18T20:37:05","modified_gmt":"2024-10-18T18:37:05","slug":"behind-the-scenes-of-jacquemus-opening-of-the-new-office-in-paris","status":"publish","type":"post","link":"https:\/\/handbag-sense.com\/de\/behind-the-scenes-of-jacquemus-opening-of-the-new-office-in-paris\/","title":{"rendered":"Hinter den Kulissen von Jacquemus: Er\u00f6ffnung des neuen B\u00fcros in Paris"},"content":{"rendered":"\n<div class=\"woocommerce columns-3 \"><ul class=\"products columns-3\">\n<li class=\"product type-product post-25178 status-publish first instock product_cat-abendtasche product_cat-handtasche product_cat-kleine-taschen product_tag-birkin-25-etoupe-de product_tag-hermes-birkin-25-de has-post-thumbnail shipping-taxable purchasable product-type-simple\">\n\t<a href=\"https:\/\/handbag-sense.com\/de\/produkt\/hermes-birkin-25-epsom-ecorce\/\" class=\"woocommerce-LoopProduct-link woocommerce-loop-product__link\"><img decoding=\"async\" width=\"300\" height=\"300\" src=\"https:\/\/handbag-sense.com\/wp-content\/uploads\/2026\/04\/Hermes-Birkin-Tricolore-bag-25-Ecorce-Etoupe-grey-Black-300x300.webp\" class=\"attachment-woocommerce_thumbnail size-woocommerce_thumbnail\" alt=\"Birkin 25 Epsom Ecorce \/ Etoupe \/ Noir Retourne\" srcset=\"https:\/\/handbag-sense.com\/wp-content\/uploads\/2026\/04\/Hermes-Birkin-Tricolore-bag-25-Ecorce-Etoupe-grey-Black-300x300.webp 300w, https:\/\/handbag-sense.com\/wp-content\/uploads\/2026\/04\/Hermes-Birkin-Tricolore-bag-25-Ecorce-Etoupe-grey-Black-150x150.webp 150w, https:\/\/handbag-sense.com\/wp-content\/uploads\/2026\/04\/Hermes-Birkin-Tricolore-bag-25-Ecorce-Etoupe-grey-Black-100x100.webp 100w\" sizes=\"(max-width: 300px) 100vw, 300px\" title=\"\"><h2 class=\"woocommerce-loop-product__title\">Birkin 25 Epsom Ecorce \/ Etoupe \/ Noir Retourne<\/h2>\n\t<span class=\"price\"><span class=\"woocommerce-Price-amount amount\"><bdi>24.500,00&nbsp;<span class=\"woocommerce-Price-currencySymbol\">&euro;<\/span><\/bdi><\/span><\/span>\n\n\n\n<\/a>\n\n\t<p class=\"wc-gzd-additional-info wc-gzd-additional-info-loop shipping-costs-info\">plus <a href=\"https:\/\/handbag-sense.com\/de\/versandarten\/\" target=\"_blank\">Shipping Costs<\/a><\/p>\n\n\n<a href=\"\/de\/wp-json\/wp\/v2\/posts\/9105?add-to-cart=25178\" aria-describedby=\"woocommerce_loop_add_to_cart_link_describedby_25178\" data-quantity=\"1\" class=\"button wp-element-button product_type_simple add_to_cart_button ajax_add_to_cart\" data-product_id=\"25178\" data-product_sku=\"\" aria-label=\"In den Warenkorb legen: \u201eBirkin 25 Epsom Ecorce \/ Etoupe \/ Noir Retourne\u201c\" rel=\"nofollow\" data-success_message=\"\u201eBirkin 25 Epsom Ecorce \/ Etoupe \/ Noir Retourne\u201c wurde deinem Warenkorb hinzugef\u00fcgt\" role=\"button\">In den Warenkorb<\/a>\t<span id=\"woocommerce_loop_add_to_cart_link_describedby_25178\" class=\"screen-reader-text\">\n\t\t\t<\/span>\n<\/li>\n<li class=\"product type-product post-25118 status-publish instock product_cat-abendtasche product_cat-handtasche product_cat-schultertaschen product_tag-chanel-klassisches-schwarz product_tag-chanel-medium-classic-de product_tag-chanel-mittelschwarz has-post-thumbnail sold-individually shipping-taxable purchasable product-type-simple\">\n\t<a href=\"https:\/\/handbag-sense.com\/de\/produkt\/chanel-medium-classic-double-flap-4\/\" class=\"woocommerce-LoopProduct-link woocommerce-loop-product__link\"><img decoding=\"async\" width=\"300\" height=\"300\" src=\"https:\/\/handbag-sense.com\/wp-content\/uploads\/2026\/04\/Chanel-classic-Black-2-300x300.webp\" class=\"attachment-woocommerce_thumbnail size-woocommerce_thumbnail\" alt=\"Chanel Medium Classic black Caviar Double Flap Bag in lambskin with gold hardware \u2013 iconic luxury handbag\" srcset=\"https:\/\/handbag-sense.com\/wp-content\/uploads\/2026\/04\/Chanel-classic-Black-2-300x300.webp 300w, https:\/\/handbag-sense.com\/wp-content\/uploads\/2026\/04\/Chanel-classic-Black-2-150x150.webp 150w, https:\/\/handbag-sense.com\/wp-content\/uploads\/2026\/04\/Chanel-classic-Black-2-100x100.webp 100w\" sizes=\"(max-width: 300px) 100vw, 300px\" title=\"\"><h2 class=\"woocommerce-loop-product__title\">Medium Classic Double Flap Bag Schwarz Caviar<\/h2>\n\t<span class=\"price\"><span class=\"woocommerce-Price-amount amount\"><bdi>7.100,00&nbsp;<span class=\"woocommerce-Price-currencySymbol\">&euro;<\/span><\/bdi><\/span><\/span>\n\n\n\n<\/a>\n\n\t<p class=\"wc-gzd-additional-info wc-gzd-additional-info-loop shipping-costs-info\">plus <a href=\"https:\/\/handbag-sense.com\/de\/versandarten\/\" target=\"_blank\">Shipping Costs<\/a><\/p>\n\n\n<a href=\"\/de\/wp-json\/wp\/v2\/posts\/9105?add-to-cart=25118\" aria-describedby=\"woocommerce_loop_add_to_cart_link_describedby_25118\" data-quantity=\"1\" class=\"button wp-element-button product_type_simple add_to_cart_button ajax_add_to_cart\" data-product_id=\"25118\" data-product_sku=\"\" aria-label=\"In den Warenkorb legen: \u201eMedium Classic Double Flap Bag Schwarz Caviar\u201c\" rel=\"nofollow\" data-success_message=\"\u201eMedium Classic Double Flap Bag Schwarz Caviar\u201c wurde deinem Warenkorb hinzugef\u00fcgt\" role=\"button\">In den Warenkorb<\/a>\t<span id=\"woocommerce_loop_add_to_cart_link_describedby_25118\" class=\"screen-reader-text\">\n\t\t\t<\/span>\n<\/li>\n<li class=\"product type-product post-25115 status-publish last instock product_cat-handtasche product_cat-shopper-de product_tag-birkin-35-togo-de product_tag-hermes-birkin-35-de product_tag-hermes-birkin-tasche has-post-thumbnail sold-individually purchasable product-type-simple\">\n\t<a href=\"https:\/\/handbag-sense.com\/de\/produkt\/hermes-birkin-35-etoupe-togo\/\" class=\"woocommerce-LoopProduct-link woocommerce-loop-product__link\"><img decoding=\"async\" width=\"300\" height=\"300\" src=\"https:\/\/handbag-sense.com\/wp-content\/uploads\/2026\/04\/hermes-birkin-35-etoupe-togo-300x300.webp\" class=\"attachment-woocommerce_thumbnail size-woocommerce_thumbnail\" alt=\"Birkin 35 Etoupe Togo\" srcset=\"https:\/\/handbag-sense.com\/wp-content\/uploads\/2026\/04\/hermes-birkin-35-etoupe-togo-300x300.webp 300w, https:\/\/handbag-sense.com\/wp-content\/uploads\/2026\/04\/hermes-birkin-35-etoupe-togo-150x150.webp 150w, https:\/\/handbag-sense.com\/wp-content\/uploads\/2026\/04\/hermes-birkin-35-etoupe-togo-100x100.webp 100w\" sizes=\"(max-width: 300px) 100vw, 300px\" title=\"\"><h2 class=\"woocommerce-loop-product__title\">Birkin 35 Etoupe Togo<\/h2>\n\t<span class=\"price\"><span class=\"woocommerce-Price-amount amount\"><bdi>15.500,00&nbsp;<span class=\"woocommerce-Price-currencySymbol\">&euro;<\/span><\/bdi><\/span><\/span>\n\n\n\n<\/a>\n\t<p class=\"wc-gzd-additional-info wc-gzd-additional-info-loop tax-info\">incl. VAT (differential taxation according to \u00a725a UStG.)<\/p>\n\n\t<p class=\"wc-gzd-additional-info wc-gzd-additional-info-loop shipping-costs-info\">plus <a href=\"https:\/\/handbag-sense.com\/de\/versandarten\/\" target=\"_blank\">Shipping Costs<\/a><\/p>\n\n\n<a href=\"\/de\/wp-json\/wp\/v2\/posts\/9105?add-to-cart=25115\" aria-describedby=\"woocommerce_loop_add_to_cart_link_describedby_25115\" data-quantity=\"1\" class=\"button wp-element-button product_type_simple add_to_cart_button ajax_add_to_cart\" data-product_id=\"25115\" data-product_sku=\"\" aria-label=\"In den Warenkorb legen: \u201eBirkin 35 Etoupe Togo\u201c\" rel=\"nofollow\" data-success_message=\"\u201eBirkin 35 Etoupe Togo\u201c wurde deinem Warenkorb hinzugef\u00fcgt\" role=\"button\">In den Warenkorb<\/a>\t<span id=\"woocommerce_loop_add_to_cart_link_describedby_25115\" class=\"screen-reader-text\">\n\t\t\t<\/span>\n<\/li>\n<li class=\"product type-product post-25104 status-publish first instock product_cat-handtasche product_tag-birkin-30-schwarz product_tag-hermes-birkin-30-de product_tag-hermes-birkin-tasche has-post-thumbnail sold-individually shipping-taxable purchasable product-type-simple\">\n\t<a href=\"https:\/\/handbag-sense.com\/de\/produkt\/hermes-birkin-30-etoupe-togo-2\/\" class=\"woocommerce-LoopProduct-link woocommerce-loop-product__link\"><img decoding=\"async\" width=\"300\" height=\"300\" src=\"https:\/\/handbag-sense.com\/wp-content\/uploads\/2026\/04\/hermes-Birkin-30-Etoupe-togo-300x300.webp\" class=\"attachment-woocommerce_thumbnail size-woocommerce_thumbnail\" alt=\"Birkin 30 Etoupe Togo\" srcset=\"https:\/\/handbag-sense.com\/wp-content\/uploads\/2026\/04\/hermes-Birkin-30-Etoupe-togo-300x300.webp 300w, https:\/\/handbag-sense.com\/wp-content\/uploads\/2026\/04\/hermes-Birkin-30-Etoupe-togo-150x150.webp 150w, https:\/\/handbag-sense.com\/wp-content\/uploads\/2026\/04\/hermes-Birkin-30-Etoupe-togo-100x100.webp 100w\" sizes=\"(max-width: 300px) 100vw, 300px\" title=\"\"><h2 class=\"woocommerce-loop-product__title\">Birkin 30 Etoupe Togo<\/h2>\n\t<span class=\"price\"><span class=\"woocommerce-Price-amount amount\"><bdi>17.500,00&nbsp;<span class=\"woocommerce-Price-currencySymbol\">&euro;<\/span><\/bdi><\/span><\/span>\n\n\n\n<\/a>\n\n\t<p class=\"wc-gzd-additional-info wc-gzd-additional-info-loop shipping-costs-info\">plus <a href=\"https:\/\/handbag-sense.com\/de\/versandarten\/\" target=\"_blank\">Shipping Costs<\/a><\/p>\n\n\n<a href=\"\/de\/wp-json\/wp\/v2\/posts\/9105?add-to-cart=25104\" aria-describedby=\"woocommerce_loop_add_to_cart_link_describedby_25104\" data-quantity=\"1\" class=\"button wp-element-button product_type_simple add_to_cart_button ajax_add_to_cart\" data-product_id=\"25104\" data-product_sku=\"\" aria-label=\"In den Warenkorb legen: \u201eBirkin 30 Etoupe Togo\u201c\" rel=\"nofollow\" data-success_message=\"\u201eBirkin 30 Etoupe Togo\u201c wurde deinem Warenkorb hinzugef\u00fcgt\" role=\"button\">In den Warenkorb<\/a>\t<span id=\"woocommerce_loop_add_to_cart_link_describedby_25104\" class=\"screen-reader-text\">\n\t\t\t<\/span>\n<\/li>\n<li class=\"product type-product post-25032 status-publish instock product_cat-reisetasche product_tag-bandouliere-55-x-yk-de product_tag-louis-vuitton-kurbis-print has-post-thumbnail shipping-taxable purchasable product-type-simple\">\n\t<a href=\"https:\/\/handbag-sense.com\/de\/produkt\/louis-vuitton-keepall-light-up\/\" class=\"woocommerce-LoopProduct-link woocommerce-loop-product__link\"><img decoding=\"async\" width=\"300\" height=\"300\" src=\"https:\/\/handbag-sense.com\/wp-content\/uploads\/2026\/04\/Louis-Vuitton-LED-Keepall-Light-Up-300x300.webp\" class=\"attachment-woocommerce_thumbnail size-woocommerce_thumbnail\" alt=\"Keepall Light Up Monogram 50 LED\" srcset=\"https:\/\/handbag-sense.com\/wp-content\/uploads\/2026\/04\/Louis-Vuitton-LED-Keepall-Light-Up-300x300.webp 300w, https:\/\/handbag-sense.com\/wp-content\/uploads\/2026\/04\/Louis-Vuitton-LED-Keepall-Light-Up-150x150.webp 150w, https:\/\/handbag-sense.com\/wp-content\/uploads\/2026\/04\/Louis-Vuitton-LED-Keepall-Light-Up-100x100.webp 100w\" sizes=\"(max-width: 300px) 100vw, 300px\" title=\"\"><h2 class=\"woocommerce-loop-product__title\">Keepall Light Up Monogram 50 LED<\/h2>\n\t<span class=\"price\"><span class=\"woocommerce-Price-amount amount\"><bdi>23.900,00&nbsp;<span class=\"woocommerce-Price-currencySymbol\">&euro;<\/span><\/bdi><\/span><\/span>\n\n\n\n<\/a>\n\n\t<p class=\"wc-gzd-additional-info wc-gzd-additional-info-loop shipping-costs-info\">plus <a href=\"https:\/\/handbag-sense.com\/de\/versandarten\/\" target=\"_blank\">Shipping Costs<\/a><\/p>\n\n\n<a href=\"\/de\/wp-json\/wp\/v2\/posts\/9105?add-to-cart=25032\" aria-describedby=\"woocommerce_loop_add_to_cart_link_describedby_25032\" data-quantity=\"1\" class=\"button wp-element-button product_type_simple add_to_cart_button ajax_add_to_cart\" data-product_id=\"25032\" data-product_sku=\"\" aria-label=\"In den Warenkorb legen: \u201eKeepall Light Up Monogram 50 LED\u201c\" rel=\"nofollow\" data-success_message=\"\u201eKeepall Light Up Monogram 50 LED\u201c wurde deinem Warenkorb hinzugef\u00fcgt\" role=\"button\">In den Warenkorb<\/a>\t<span id=\"woocommerce_loop_add_to_cart_link_describedby_25032\" class=\"screen-reader-text\">\n\t\t\t<\/span>\n<\/li>\n<li class=\"product type-product post-25028 status-publish last instock product_cat-kleine-taschen product_cat-schultertaschen product_tag-hermes-evelyne-16-de product_tag-hermes-evelyne-mini-de has-post-thumbnail shipping-taxable purchasable product-type-simple\">\n\t<a href=\"https:\/\/handbag-sense.com\/de\/produkt\/hermes-evelyne-16-taurillon-clemence\/\" class=\"woocommerce-LoopProduct-link woocommerce-loop-product__link\"><img decoding=\"async\" width=\"300\" height=\"300\" src=\"https:\/\/handbag-sense.com\/wp-content\/uploads\/2026\/04\/Hermes-mini-Evelyne-etoupe-2-300x300.webp\" class=\"attachment-woocommerce_thumbnail size-woocommerce_thumbnail\" alt=\"Evelyne 16 Taurillon Clemence Etoupe\" srcset=\"https:\/\/handbag-sense.com\/wp-content\/uploads\/2026\/04\/Hermes-mini-Evelyne-etoupe-2-300x300.webp 300w, https:\/\/handbag-sense.com\/wp-content\/uploads\/2026\/04\/Hermes-mini-Evelyne-etoupe-2-150x150.webp 150w, https:\/\/handbag-sense.com\/wp-content\/uploads\/2026\/04\/Hermes-mini-Evelyne-etoupe-2-100x100.webp 100w\" sizes=\"(max-width: 300px) 100vw, 300px\" title=\"\"><h2 class=\"woocommerce-loop-product__title\">Evelyne 16 Taurillon Clemence Etoupe<\/h2>\n\t<span class=\"price\"><span class=\"woocommerce-Price-amount amount\"><bdi>2.450,00&nbsp;<span class=\"woocommerce-Price-currencySymbol\">&euro;<\/span><\/bdi><\/span><\/span>\n\n\n\n<\/a>\n\n\t<p class=\"wc-gzd-additional-info wc-gzd-additional-info-loop shipping-costs-info\">plus <a href=\"https:\/\/handbag-sense.com\/de\/versandarten\/\" target=\"_blank\">Shipping Costs<\/a><\/p>\n\n\n<a href=\"\/de\/wp-json\/wp\/v2\/posts\/9105?add-to-cart=25028\" aria-describedby=\"woocommerce_loop_add_to_cart_link_describedby_25028\" data-quantity=\"1\" class=\"button wp-element-button product_type_simple add_to_cart_button ajax_add_to_cart\" data-product_id=\"25028\" data-product_sku=\"\" aria-label=\"In den Warenkorb legen: \u201eEvelyne 16 Taurillon Clemence Etoupe\u201c\" rel=\"nofollow\" data-success_message=\"\u201eEvelyne 16 Taurillon Clemence Etoupe\u201c wurde deinem Warenkorb hinzugef\u00fcgt\" role=\"button\">In den Warenkorb<\/a>\t<span id=\"woocommerce_loop_add_to_cart_link_describedby_25028\" class=\"screen-reader-text\">\n\t\t\t<\/span>\n<\/li>\n<\/ul>\n<\/div>\n\n\n\n<div class=\"wp-block-columns is-layout-flex wp-container-core-columns-is-layout-28f84493 wp-block-columns-is-layout-flex\">\n<div class=\"wp-block-column is-layout-flow wp-block-column-is-layout-flow\"><\/div>\n\n\n\n<div class=\"wp-block-column is-layout-flow wp-block-column-is-layout-flow\"><\/div>\n<\/div>\n\n\n\n<p>&nbsp;Am 30. April hat die Welt das neue B\u00fcro der ber\u00fchmten Marke Jacquemus im 8. Arrondissement von Paris gesehen. Dieser Laufsteg der Mode \u00f6ffnete seine T\u00fcren und zeigte exklusive Innen- und Au\u00dfenaufnahmen. Das neue B\u00fcro spiegelt die Kern\u00e4sthetik und die charakteristische DNA der Marke wider, die f\u00fcr ihren kreativen Ansatz in Sachen Mode und \u00c4sthetik bekannt ist.<\/p>\n\n\n\n<div class=\"wp-block-columns is-layout-flex wp-container-core-columns-is-layout-28f84493 wp-block-columns-is-layout-flex\">\n<div class=\"wp-block-column is-layout-flow wp-block-column-is-layout-flow\"><\/div>\n\n\n\n<div class=\"wp-block-column is-layout-flow wp-block-column-is-layout-flow\"><\/div>\n<\/div>\n\n\n\n<p><a href=\"https:\/\/handbag-sense.com\/de\">F\u00fcr dieses <\/a>Projekt hat sich der Designer der Marke, Simon Porte Jacquemus, mit einem Team von Architekten und Designern des OMA-Studios zusammengetan, das zuvor an der Renovierung des Flagship-Shops von Tiffany &amp; Co in New York gearbeitet hat. Das Ergebnis ihrer Zusammenarbeit ist ein Raum, der durch minimalistische Details und Kunstwerke besticht.<\/p>\n\n\n\n<div class=\"wp-block-columns is-layout-flex wp-container-core-columns-is-layout-28f84493 wp-block-columns-is-layout-flex\">\n<div class=\"wp-block-column is-layout-flow wp-block-column-is-layout-flow\"><\/div>\n\n\n\n<div class=\"wp-block-column is-layout-flow wp-block-column-is-layout-flow\"><\/div>\n<\/div>\n\n\n\n<p><a href=\"https:\/\/handbag-sense.com\/de\">Die wichtigste<\/a> Skulptur f\u00fcr das B\u00fcro war L'Air (2e \u00e9tat), die der franz\u00f6sische K\u00fcnstler Aristide Maillol zwischen 1938 und 1939 schuf. Diese Skulptur, die eine nackte Frau auf einem Sockel darstellt, wurde zum Herzst\u00fcck des Raumes. Dar\u00fcber hinaus befinden sich im Inneren drei weitere Gem\u00e4lde dieses K\u00fcnstlers, die dem Raum einen besonderen Charme und \u00e4sthetischen Wert verleihen.<\/p>\n\n\n\n<div class=\"wp-block-columns is-layout-flex wp-container-core-columns-is-layout-28f84493 wp-block-columns-is-layout-flex\">\n<div class=\"wp-block-column is-layout-flow wp-block-column-is-layout-flow\"><\/div>\n\n\n\n<div class=\"wp-block-column is-layout-flow wp-block-column-is-layout-flow\"><\/div>\n<\/div>\n\n\n\n<p>Bei der Dekoration des Raumes wurde ein wei\u00dfer Schleier verwendet, der die aktuelle Hochzeitskollektion von Simon Jacquemus symbolisiert und eine Atmosph\u00e4re von Leichtigkeit und Romantik schafft. Das B\u00fcro umfasst auch Arbeitsbereiche f\u00fcr die Mitarbeiter, kreative Werkst\u00e4tten und \u00e4sthetische Ecken zum Entspannen.<\/p>\n\n\n\n<div class=\"wp-block-columns is-layout-flex wp-container-core-columns-is-layout-28f84493 wp-block-columns-is-layout-flex\">\n<div class=\"wp-block-column is-layout-flow wp-block-column-is-layout-flow\"><\/div>\n\n\n\n<div class=\"wp-block-column is-layout-flow wp-block-column-is-layout-flow\"><\/div>\n<\/div>\n\n\n\n<p>Die Gesamtgestaltung der R\u00e4umlichkeiten spiegelt die Kernwerte der Marke Jacquemus wider und verk\u00f6rpert ihre einzigartige \u00c4sthetik. Dieses neue B\u00fcro ist ein weiterer Schritt in der Entwicklung und Etablierung der Marke in der globalen Modeszene.<\/p>\n\n\n\n<div class=\"wp-block-columns is-layout-flex wp-container-core-columns-is-layout-28f84493 wp-block-columns-is-layout-flex\">\n<div class=\"wp-block-column is-layout-flow wp-block-column-is-layout-flow\"><\/div>\n\n\n\n<div class=\"wp-block-column is-layout-flow wp-block-column-is-layout-flow\"><\/div>\n<\/div>\n","protected":false},"excerpt":{"rendered":"<p>&nbsp;Am 30. April hat die Welt das neue B\u00fcro der ber\u00fchmten Marke Jacquemus im 8. Arrondissement von Paris gesehen. Dieser Laufsteg der Mode \u00f6ffnete seine T\u00fcren und zeigte exklusive Innen- und Au\u00dfenaufnahmen. Das neue B\u00fcro spiegelt die Kern\u00e4sthetik und die charakteristische DNA der Marke wider, die f\u00fcr ihren kreativen Ansatz in Sachen Mode und \u00c4sthetik [&hellip;]<\/p>\n","protected":false},"author":2,"featured_media":0,"comment_status":"closed","ping_status":"closed","sticky":false,"template":"","format":"standard","meta":{"footnotes":""},"categories":[324],"tags":[],"class_list":["post-9105","post","type-post","status-publish","format-standard","hentry","category-hermes-de"],"_links":{"self":[{"href":"https:\/\/handbag-sense.com\/de\/wp-json\/wp\/v2\/posts\/9105","targetHints":{"allow":["GET"]}}],"collection":[{"href":"https:\/\/handbag-sense.com\/de\/wp-json\/wp\/v2\/posts"}],"about":[{"href":"https:\/\/handbag-sense.com\/de\/wp-json\/wp\/v2\/types\/post"}],"author":[{"embeddable":true,"href":"https:\/\/handbag-sense.com\/de\/wp-json\/wp\/v2\/users\/2"}],"replies":[{"embeddable":true,"href":"https:\/\/handbag-sense.com\/de\/wp-json\/wp\/v2\/comments?post=9105"}],"version-history":[{"count":0,"href":"https:\/\/handbag-sense.com\/de\/wp-json\/wp\/v2\/posts\/9105\/revisions"}],"wp:attachment":[{"href":"https:\/\/handbag-sense.com\/de\/wp-json\/wp\/v2\/media?parent=9105"}],"wp:term":[{"taxonomy":"category","embeddable":true,"href":"https:\/\/handbag-sense.com\/de\/wp-json\/wp\/v2\/categories?post=9105"},{"taxonomy":"post_tag","embeddable":true,"href":"https:\/\/handbag-sense.com\/de\/wp-json\/wp\/v2\/tags?post=9105"}],"curies":[{"name":"wp","href":"https:\/\/api.w.org\/{rel}","templated":true}]}}