{"id":7178,"date":"2024-03-08T11:04:23","date_gmt":"2024-03-08T10:04:23","guid":{"rendered":"https:\/\/handbag-sense.com\/dries-van-noten-autumn-winter-2024-2025-collection-where-audacity-meets-poise\/"},"modified":"2024-10-18T14:31:58","modified_gmt":"2024-10-18T12:31:58","slug":"dries-van-noten-autumn-winter-2024-2025-collection-where-audacity-meets-poise","status":"publish","type":"post","link":"https:\/\/handbag-sense.com\/de\/dries-van-noten-autumn-winter-2024-2025-collection-where-audacity-meets-poise\/","title":{"rendered":"Dries Van Noten Herbst\/Winter 2024\/2025 Kollektion: wo K\u00fchnheit auf Gelassenheit trifft"},"content":{"rendered":"\n<div class=\"woocommerce columns-3 \"><ul class=\"products columns-3\">\n<li class=\"product type-product post-25178 status-publish first instock product_cat-abendtasche product_cat-handtasche product_cat-kleine-taschen product_tag-birkin-25-etoupe-de product_tag-hermes-birkin-25-de has-post-thumbnail shipping-taxable purchasable product-type-simple\">\n\t<a href=\"https:\/\/handbag-sense.com\/de\/produkt\/hermes-birkin-25-epsom-ecorce\/\" class=\"woocommerce-LoopProduct-link woocommerce-loop-product__link\"><img decoding=\"async\" width=\"300\" height=\"300\" src=\"https:\/\/handbag-sense.com\/wp-content\/uploads\/2026\/04\/Hermes-Birkin-Tricolore-bag-25-Ecorce-Etoupe-grey-Black-300x300.webp\" class=\"attachment-woocommerce_thumbnail size-woocommerce_thumbnail\" alt=\"Birkin 25 Epsom Ecorce \/ Etoupe \/ Noir Retourne\" srcset=\"https:\/\/handbag-sense.com\/wp-content\/uploads\/2026\/04\/Hermes-Birkin-Tricolore-bag-25-Ecorce-Etoupe-grey-Black-300x300.webp 300w, https:\/\/handbag-sense.com\/wp-content\/uploads\/2026\/04\/Hermes-Birkin-Tricolore-bag-25-Ecorce-Etoupe-grey-Black-150x150.webp 150w, https:\/\/handbag-sense.com\/wp-content\/uploads\/2026\/04\/Hermes-Birkin-Tricolore-bag-25-Ecorce-Etoupe-grey-Black-100x100.webp 100w\" sizes=\"(max-width: 300px) 100vw, 300px\" title=\"\"><h2 class=\"woocommerce-loop-product__title\">Birkin 25 Epsom Ecorce \/ Etoupe \/ Noir Retourne<\/h2>\n\t<span class=\"price\"><span class=\"woocommerce-Price-amount amount\"><bdi>24.500,00&nbsp;<span class=\"woocommerce-Price-currencySymbol\">&euro;<\/span><\/bdi><\/span><\/span>\n\n\n\n<\/a>\n\n\t<p class=\"wc-gzd-additional-info wc-gzd-additional-info-loop shipping-costs-info\">plus <a href=\"https:\/\/handbag-sense.com\/de\/versandarten\/\" target=\"_blank\">Shipping Costs<\/a><\/p>\n\n\n<a href=\"\/de\/wp-json\/wp\/v2\/posts\/7178?add-to-cart=25178\" aria-describedby=\"woocommerce_loop_add_to_cart_link_describedby_25178\" data-quantity=\"1\" class=\"button wp-element-button product_type_simple add_to_cart_button ajax_add_to_cart\" data-product_id=\"25178\" data-product_sku=\"\" aria-label=\"In den Warenkorb legen: \u201eBirkin 25 Epsom Ecorce \/ Etoupe \/ Noir Retourne\u201c\" rel=\"nofollow\" data-success_message=\"\u201eBirkin 25 Epsom Ecorce \/ Etoupe \/ Noir Retourne\u201c wurde deinem Warenkorb hinzugef\u00fcgt\" role=\"button\">In den Warenkorb<\/a>\t<span id=\"woocommerce_loop_add_to_cart_link_describedby_25178\" class=\"screen-reader-text\">\n\t\t\t<\/span>\n<\/li>\n<li class=\"product type-product post-25118 status-publish instock product_cat-abendtasche product_cat-handtasche product_cat-schultertaschen product_tag-chanel-klassisches-schwarz product_tag-chanel-medium-classic-de product_tag-chanel-mittelschwarz has-post-thumbnail sold-individually shipping-taxable purchasable product-type-simple\">\n\t<a href=\"https:\/\/handbag-sense.com\/de\/produkt\/chanel-medium-classic-double-flap-4\/\" class=\"woocommerce-LoopProduct-link woocommerce-loop-product__link\"><img decoding=\"async\" width=\"300\" height=\"300\" src=\"https:\/\/handbag-sense.com\/wp-content\/uploads\/2026\/04\/Chanel-classic-Black-2-300x300.webp\" class=\"attachment-woocommerce_thumbnail size-woocommerce_thumbnail\" alt=\"Chanel Medium Classic black Caviar Double Flap Bag in lambskin with gold hardware \u2013 iconic luxury handbag\" srcset=\"https:\/\/handbag-sense.com\/wp-content\/uploads\/2026\/04\/Chanel-classic-Black-2-300x300.webp 300w, https:\/\/handbag-sense.com\/wp-content\/uploads\/2026\/04\/Chanel-classic-Black-2-150x150.webp 150w, https:\/\/handbag-sense.com\/wp-content\/uploads\/2026\/04\/Chanel-classic-Black-2-100x100.webp 100w\" sizes=\"(max-width: 300px) 100vw, 300px\" title=\"\"><h2 class=\"woocommerce-loop-product__title\">Medium Classic Double Flap Bag Schwarz Caviar<\/h2>\n\t<span class=\"price\"><span class=\"woocommerce-Price-amount amount\"><bdi>7.100,00&nbsp;<span class=\"woocommerce-Price-currencySymbol\">&euro;<\/span><\/bdi><\/span><\/span>\n\n\n\n<\/a>\n\n\t<p class=\"wc-gzd-additional-info wc-gzd-additional-info-loop shipping-costs-info\">plus <a href=\"https:\/\/handbag-sense.com\/de\/versandarten\/\" target=\"_blank\">Shipping Costs<\/a><\/p>\n\n\n<a href=\"\/de\/wp-json\/wp\/v2\/posts\/7178?add-to-cart=25118\" aria-describedby=\"woocommerce_loop_add_to_cart_link_describedby_25118\" data-quantity=\"1\" class=\"button wp-element-button product_type_simple add_to_cart_button ajax_add_to_cart\" data-product_id=\"25118\" data-product_sku=\"\" aria-label=\"In den Warenkorb legen: \u201eMedium Classic Double Flap Bag Schwarz Caviar\u201c\" rel=\"nofollow\" data-success_message=\"\u201eMedium Classic Double Flap Bag Schwarz Caviar\u201c wurde deinem Warenkorb hinzugef\u00fcgt\" role=\"button\">In den Warenkorb<\/a>\t<span id=\"woocommerce_loop_add_to_cart_link_describedby_25118\" class=\"screen-reader-text\">\n\t\t\t<\/span>\n<\/li>\n<li class=\"product type-product post-25115 status-publish last instock product_cat-handtasche product_cat-shopper-de product_tag-birkin-35-togo-de product_tag-hermes-birkin-35-de product_tag-hermes-birkin-tasche has-post-thumbnail sold-individually purchasable product-type-simple\">\n\t<a href=\"https:\/\/handbag-sense.com\/de\/produkt\/hermes-birkin-35-etoupe-togo\/\" class=\"woocommerce-LoopProduct-link woocommerce-loop-product__link\"><img decoding=\"async\" width=\"300\" height=\"300\" src=\"https:\/\/handbag-sense.com\/wp-content\/uploads\/2026\/04\/hermes-birkin-35-etoupe-togo-300x300.webp\" class=\"attachment-woocommerce_thumbnail size-woocommerce_thumbnail\" alt=\"Birkin 35 Etoupe Togo\" srcset=\"https:\/\/handbag-sense.com\/wp-content\/uploads\/2026\/04\/hermes-birkin-35-etoupe-togo-300x300.webp 300w, https:\/\/handbag-sense.com\/wp-content\/uploads\/2026\/04\/hermes-birkin-35-etoupe-togo-150x150.webp 150w, https:\/\/handbag-sense.com\/wp-content\/uploads\/2026\/04\/hermes-birkin-35-etoupe-togo-100x100.webp 100w\" sizes=\"(max-width: 300px) 100vw, 300px\" title=\"\"><h2 class=\"woocommerce-loop-product__title\">Birkin 35 Etoupe Togo<\/h2>\n\t<span class=\"price\"><span class=\"woocommerce-Price-amount amount\"><bdi>15.500,00&nbsp;<span class=\"woocommerce-Price-currencySymbol\">&euro;<\/span><\/bdi><\/span><\/span>\n\n\n\n<\/a>\n\t<p class=\"wc-gzd-additional-info wc-gzd-additional-info-loop tax-info\">incl. VAT (differential taxation according to \u00a725a UStG.)<\/p>\n\n\t<p class=\"wc-gzd-additional-info wc-gzd-additional-info-loop shipping-costs-info\">plus <a href=\"https:\/\/handbag-sense.com\/de\/versandarten\/\" target=\"_blank\">Shipping Costs<\/a><\/p>\n\n\n<a href=\"\/de\/wp-json\/wp\/v2\/posts\/7178?add-to-cart=25115\" aria-describedby=\"woocommerce_loop_add_to_cart_link_describedby_25115\" data-quantity=\"1\" class=\"button wp-element-button product_type_simple add_to_cart_button ajax_add_to_cart\" data-product_id=\"25115\" data-product_sku=\"\" aria-label=\"In den Warenkorb legen: \u201eBirkin 35 Etoupe Togo\u201c\" rel=\"nofollow\" data-success_message=\"\u201eBirkin 35 Etoupe Togo\u201c wurde deinem Warenkorb hinzugef\u00fcgt\" role=\"button\">In den Warenkorb<\/a>\t<span id=\"woocommerce_loop_add_to_cart_link_describedby_25115\" class=\"screen-reader-text\">\n\t\t\t<\/span>\n<\/li>\n<li class=\"product type-product post-25104 status-publish first instock product_cat-handtasche product_tag-birkin-30-schwarz product_tag-hermes-birkin-30-de product_tag-hermes-birkin-tasche has-post-thumbnail sold-individually shipping-taxable purchasable product-type-simple\">\n\t<a href=\"https:\/\/handbag-sense.com\/de\/produkt\/hermes-birkin-30-etoupe-togo-2\/\" class=\"woocommerce-LoopProduct-link woocommerce-loop-product__link\"><img decoding=\"async\" width=\"300\" height=\"300\" src=\"https:\/\/handbag-sense.com\/wp-content\/uploads\/2026\/04\/hermes-Birkin-30-Etoupe-togo-300x300.webp\" class=\"attachment-woocommerce_thumbnail size-woocommerce_thumbnail\" alt=\"Birkin 30 Etoupe Togo\" srcset=\"https:\/\/handbag-sense.com\/wp-content\/uploads\/2026\/04\/hermes-Birkin-30-Etoupe-togo-300x300.webp 300w, https:\/\/handbag-sense.com\/wp-content\/uploads\/2026\/04\/hermes-Birkin-30-Etoupe-togo-150x150.webp 150w, https:\/\/handbag-sense.com\/wp-content\/uploads\/2026\/04\/hermes-Birkin-30-Etoupe-togo-100x100.webp 100w\" sizes=\"(max-width: 300px) 100vw, 300px\" title=\"\"><h2 class=\"woocommerce-loop-product__title\">Birkin 30 Etoupe Togo<\/h2>\n\t<span class=\"price\"><span class=\"woocommerce-Price-amount amount\"><bdi>17.500,00&nbsp;<span class=\"woocommerce-Price-currencySymbol\">&euro;<\/span><\/bdi><\/span><\/span>\n\n\n\n<\/a>\n\n\t<p class=\"wc-gzd-additional-info wc-gzd-additional-info-loop shipping-costs-info\">plus <a href=\"https:\/\/handbag-sense.com\/de\/versandarten\/\" target=\"_blank\">Shipping Costs<\/a><\/p>\n\n\n<a href=\"\/de\/wp-json\/wp\/v2\/posts\/7178?add-to-cart=25104\" aria-describedby=\"woocommerce_loop_add_to_cart_link_describedby_25104\" data-quantity=\"1\" class=\"button wp-element-button product_type_simple add_to_cart_button ajax_add_to_cart\" data-product_id=\"25104\" data-product_sku=\"\" aria-label=\"In den Warenkorb legen: \u201eBirkin 30 Etoupe Togo\u201c\" rel=\"nofollow\" data-success_message=\"\u201eBirkin 30 Etoupe Togo\u201c wurde deinem Warenkorb hinzugef\u00fcgt\" role=\"button\">In den Warenkorb<\/a>\t<span id=\"woocommerce_loop_add_to_cart_link_describedby_25104\" class=\"screen-reader-text\">\n\t\t\t<\/span>\n<\/li>\n<li class=\"product type-product post-25032 status-publish instock product_cat-reisetasche product_tag-bandouliere-55-x-yk-de product_tag-louis-vuitton-kurbis-print has-post-thumbnail shipping-taxable purchasable product-type-simple\">\n\t<a href=\"https:\/\/handbag-sense.com\/de\/produkt\/louis-vuitton-keepall-light-up\/\" class=\"woocommerce-LoopProduct-link woocommerce-loop-product__link\"><img decoding=\"async\" width=\"300\" height=\"300\" src=\"https:\/\/handbag-sense.com\/wp-content\/uploads\/2026\/04\/Louis-Vuitton-LED-Keepall-Light-Up-300x300.webp\" class=\"attachment-woocommerce_thumbnail size-woocommerce_thumbnail\" alt=\"Keepall Light Up Monogram 50 LED\" srcset=\"https:\/\/handbag-sense.com\/wp-content\/uploads\/2026\/04\/Louis-Vuitton-LED-Keepall-Light-Up-300x300.webp 300w, https:\/\/handbag-sense.com\/wp-content\/uploads\/2026\/04\/Louis-Vuitton-LED-Keepall-Light-Up-150x150.webp 150w, https:\/\/handbag-sense.com\/wp-content\/uploads\/2026\/04\/Louis-Vuitton-LED-Keepall-Light-Up-100x100.webp 100w\" sizes=\"(max-width: 300px) 100vw, 300px\" title=\"\"><h2 class=\"woocommerce-loop-product__title\">Keepall Light Up Monogram 50 LED<\/h2>\n\t<span class=\"price\"><span class=\"woocommerce-Price-amount amount\"><bdi>23.900,00&nbsp;<span class=\"woocommerce-Price-currencySymbol\">&euro;<\/span><\/bdi><\/span><\/span>\n\n\n\n<\/a>\n\n\t<p class=\"wc-gzd-additional-info wc-gzd-additional-info-loop shipping-costs-info\">plus <a href=\"https:\/\/handbag-sense.com\/de\/versandarten\/\" target=\"_blank\">Shipping Costs<\/a><\/p>\n\n\n<a href=\"\/de\/wp-json\/wp\/v2\/posts\/7178?add-to-cart=25032\" aria-describedby=\"woocommerce_loop_add_to_cart_link_describedby_25032\" data-quantity=\"1\" class=\"button wp-element-button product_type_simple add_to_cart_button ajax_add_to_cart\" data-product_id=\"25032\" data-product_sku=\"\" aria-label=\"In den Warenkorb legen: \u201eKeepall Light Up Monogram 50 LED\u201c\" rel=\"nofollow\" data-success_message=\"\u201eKeepall Light Up Monogram 50 LED\u201c wurde deinem Warenkorb hinzugef\u00fcgt\" role=\"button\">In den Warenkorb<\/a>\t<span id=\"woocommerce_loop_add_to_cart_link_describedby_25032\" class=\"screen-reader-text\">\n\t\t\t<\/span>\n<\/li>\n<li class=\"product type-product post-25028 status-publish last instock product_cat-kleine-taschen product_cat-schultertaschen product_tag-hermes-evelyne-16-de product_tag-hermes-evelyne-mini-de has-post-thumbnail shipping-taxable purchasable product-type-simple\">\n\t<a href=\"https:\/\/handbag-sense.com\/de\/produkt\/hermes-evelyne-16-taurillon-clemence\/\" class=\"woocommerce-LoopProduct-link woocommerce-loop-product__link\"><img decoding=\"async\" width=\"300\" height=\"300\" src=\"https:\/\/handbag-sense.com\/wp-content\/uploads\/2026\/04\/Hermes-mini-Evelyne-etoupe-2-300x300.webp\" class=\"attachment-woocommerce_thumbnail size-woocommerce_thumbnail\" alt=\"Evelyne 16 Taurillon Clemence Etoupe\" srcset=\"https:\/\/handbag-sense.com\/wp-content\/uploads\/2026\/04\/Hermes-mini-Evelyne-etoupe-2-300x300.webp 300w, https:\/\/handbag-sense.com\/wp-content\/uploads\/2026\/04\/Hermes-mini-Evelyne-etoupe-2-150x150.webp 150w, https:\/\/handbag-sense.com\/wp-content\/uploads\/2026\/04\/Hermes-mini-Evelyne-etoupe-2-100x100.webp 100w\" sizes=\"(max-width: 300px) 100vw, 300px\" title=\"\"><h2 class=\"woocommerce-loop-product__title\">Evelyne 16 Taurillon Clemence Etoupe<\/h2>\n\t<span class=\"price\"><span class=\"woocommerce-Price-amount amount\"><bdi>2.450,00&nbsp;<span class=\"woocommerce-Price-currencySymbol\">&euro;<\/span><\/bdi><\/span><\/span>\n\n\n\n<\/a>\n\n\t<p class=\"wc-gzd-additional-info wc-gzd-additional-info-loop shipping-costs-info\">plus <a href=\"https:\/\/handbag-sense.com\/de\/versandarten\/\" target=\"_blank\">Shipping Costs<\/a><\/p>\n\n\n<a href=\"\/de\/wp-json\/wp\/v2\/posts\/7178?add-to-cart=25028\" aria-describedby=\"woocommerce_loop_add_to_cart_link_describedby_25028\" data-quantity=\"1\" class=\"button wp-element-button product_type_simple add_to_cart_button ajax_add_to_cart\" data-product_id=\"25028\" data-product_sku=\"\" aria-label=\"In den Warenkorb legen: \u201eEvelyne 16 Taurillon Clemence Etoupe\u201c\" rel=\"nofollow\" data-success_message=\"\u201eEvelyne 16 Taurillon Clemence Etoupe\u201c wurde deinem Warenkorb hinzugef\u00fcgt\" role=\"button\">In den Warenkorb<\/a>\t<span id=\"woocommerce_loop_add_to_cart_link_describedby_25028\" class=\"screen-reader-text\">\n\t\t\t<\/span>\n<\/li>\n<\/ul>\n<\/div>\n\n\n\n<p><a href=\"https:\/\/handbag-sense.com\/de\">Dries Van<\/a> Noten ist der Meinung, dass es bei seiner neuesten Kollektion nicht nur um Mode, sondern auch um Stil geht. Es geht um eine Frau, die Z\u00e4rtlichkeit und St\u00e4rke miteinander verbindet.<\/p>\n\n\n\n<p>Seit fast 40 Jahren interessiert sich der belgische Designer mehr f\u00fcr Stil als f\u00fcr Mode. Er hat immer versucht, durch die Kombination unerwarteter Elemente einzigartige Looks zu kreieren.<\/p>\n\n\n\n<p> Seine neueste Kollektion bildet da keine Ausnahme: Hier sehen Sie eine Kombination aus einem grauen Sweatshirt mit Regenbogenst\u00f6rchen und einem lavendelfarbenen Seidenanzug mit verblichenem Denim.<\/p>\n\n\n\n<p>Auf dem Laufsteg sind verschiedene Textilien zu sehen: von zotteligem Pelz bis zu verzinntem Metall. Auch die Farben sind vielf\u00e4ltig, und ihre Kombinationen k\u00f6nnen als \u00fcberraschend bezeichnet werden.<\/p>\n\n\n\n<p>Obwohl die Kollektion minimalistische St\u00fccke enth\u00e4lt, beeindruckt sie durch ihren Reichtum an Farben und Texturen. Der Designer behauptet, dass seine Arbeit auf Versuch und Irrtum beruht und er nicht daran interessiert ist, einem System zu folgen. Er versucht, Kreativit\u00e4t und Individualit\u00e4t in seinen Kollektionen zu f\u00f6rdern.<\/p>\n\n\n\n<p><a href=\"https:\/\/handbag-sense.com\/de\">Die Herbst\/Winter-Kollektion<\/a> 2024\/2025 von Dries Van Noten erinnert uns daran, wie wichtig es ist, zu experimentieren und sich durch Kleidung auszudr\u00fccken. Der Designer beh\u00e4lt die Elemente des traditionellen Stils der Marke bei, f\u00fcgt aber Frische und Unvorhersehbarkeit hinzu, was seine Kollektion zu etwas Besonderem macht.<\/p>\n\n\n\n<hr class=\"wp-block-separator has-alpha-channel-opacity\" style=\"margin-top:var(--wp--preset--spacing--30);margin-bottom:var(--wp--preset--spacing--30)\"\/>\n","protected":false},"excerpt":{"rendered":"<p>Dries Van Noten ist der Meinung, dass es bei seiner neuesten Kollektion nicht nur um Mode, sondern auch um Stil geht. Es geht um eine Frau, die Z\u00e4rtlichkeit und St\u00e4rke miteinander verbindet. Seit fast 40 Jahren interessiert sich der belgische Designer mehr f\u00fcr Stil als f\u00fcr Mode. Er hat immer versucht, durch die Kombination unerwarteter [&hellip;]<\/p>\n","protected":false},"author":2,"featured_media":0,"comment_status":"closed","ping_status":"closed","sticky":false,"template":"","format":"standard","meta":{"footnotes":""},"categories":[324],"tags":[],"class_list":["post-7178","post","type-post","status-publish","format-standard","hentry","category-hermes-de"],"_links":{"self":[{"href":"https:\/\/handbag-sense.com\/de\/wp-json\/wp\/v2\/posts\/7178","targetHints":{"allow":["GET"]}}],"collection":[{"href":"https:\/\/handbag-sense.com\/de\/wp-json\/wp\/v2\/posts"}],"about":[{"href":"https:\/\/handbag-sense.com\/de\/wp-json\/wp\/v2\/types\/post"}],"author":[{"embeddable":true,"href":"https:\/\/handbag-sense.com\/de\/wp-json\/wp\/v2\/users\/2"}],"replies":[{"embeddable":true,"href":"https:\/\/handbag-sense.com\/de\/wp-json\/wp\/v2\/comments?post=7178"}],"version-history":[{"count":0,"href":"https:\/\/handbag-sense.com\/de\/wp-json\/wp\/v2\/posts\/7178\/revisions"}],"wp:attachment":[{"href":"https:\/\/handbag-sense.com\/de\/wp-json\/wp\/v2\/media?parent=7178"}],"wp:term":[{"taxonomy":"category","embeddable":true,"href":"https:\/\/handbag-sense.com\/de\/wp-json\/wp\/v2\/categories?post=7178"},{"taxonomy":"post_tag","embeddable":true,"href":"https:\/\/handbag-sense.com\/de\/wp-json\/wp\/v2\/tags?post=7178"}],"curies":[{"name":"wp","href":"https:\/\/api.w.org\/{rel}","templated":true}]}}