{"id":18187,"date":"2025-03-18T15:23:46","date_gmt":"2025-03-18T14:23:46","guid":{"rendered":"https:\/\/handbag-sense.com\/finden-sie-ihre-perfekte-passform-die-besten-hermes-kelly-groessen-fuer-jeden-lebensstil\/"},"modified":"2025-03-19T13:12:13","modified_gmt":"2025-03-19T12:12:13","slug":"finden-sie-ihre-perfekte-passform-die-besten-hermes-kelly-groessen-fuer-jeden-lebensstil","status":"publish","type":"post","link":"https:\/\/handbag-sense.com\/de\/finden-sie-ihre-perfekte-passform-die-besten-hermes-kelly-groessen-fuer-jeden-lebensstil\/","title":{"rendered":"Finden Sie Ihre perfekte Passform: Die besten Herm\u00e8s Kelly-Gr\u00f6\u00dfen f\u00fcr jeden Lebensstil"},"content":{"rendered":"\n<p><mark class=\"rank-math-highlight\" style=\"background-color: #fee894\"><strong>Finden Sie Ihre perfekte Passform: Die besten Herm\u00e8s Kelly-Gr\u00f6\u00dfen f\u00fcr jeden Lebensstil \u2013 Entdecken Sie die Vielzahl der Herm\u00e8s Kelly-Gr\u00f6\u00dfen<\/strong><\/mark><strong>.<\/strong><\/p>\n\n\n\n<p>Die Herm\u00e8s Kelly Tasche ist ein ikonisches Symbol f\u00fcr Luxus, Eleganz und zeitlose Handwerkskunst. Mit seiner reichen Geschichte und seiner unvergleichlichen Qualit\u00e4t ist es ein begehrtes Accessoire f\u00fcr Modeliebhaber und Sammler gleicherma\u00dfen geblieben. Die Wahl der richtigen Gr\u00f6\u00dfe, die zu Ihrem Lebensstil passt, kann jedoch eine Herausforderung sein. Egal, ob Sie auf der Suche nach einem allt\u00e4glichen Begleiter oder einem Statement-Piece f\u00fcr besondere Anl\u00e4sse sind, dieser Leitfaden hilft Ihnen, die perfekte Kelly-Gr\u00f6\u00dfe f\u00fcr Ihre Bed\u00fcrfnisse zu finden.   <\/p>\n\n\n\n<p><mark class=\"rank-math-highlight\" style=\"background-color: #fee894\">Die Herm\u00e8s Kelly-Gr\u00f6\u00dfen variieren und sind anpassbar, um Ihre individuellen Bed\u00fcrfnisse und Vorlieben zu erf\u00fcllen<\/mark>. <mark class=\"rank-math-highlight\" style=\"background-color: #fee894\">Egal, ob Sie die Kelly Mini oder die Kelly 35 bevorzugen, jede Gr\u00f6\u00dfe hat ihren eigenen Charme und Zweck<\/mark>.<\/p>\n\n\n\n<p><mark class=\"rank-math-highlight\" style=\"background-color: #fee894\">Die Herm\u00e8s Kelly-Gr\u00f6\u00dfen sind entscheidend f\u00fcr die Auswahl der perfekten Tasche, die sowohl Ihren Stil als auch Ihre Bed\u00fcrfnisse widerspiegelt<\/mark>. <mark class=\"rank-math-highlight\" style=\"background-color: #fee894\">Die verschiedenen Herm\u00e8s Kelly-Gr\u00f6\u00dfen bieten f\u00fcr jeden Anlass die richtige L\u00f6sung<\/mark>.<\/p>\n\n\n\n<h2 class=\"wp-block-heading\"><strong>Das Kelly Sellier vs. Kelly<\/strong> <strong><a href=\"https:\/\/handbag-sense.com\/\">Retourne verstehen<\/a><\/strong><\/h2>\n\n\n\n<p>Ein weiterer Aspekt, der den Reiz der Herm\u00e8s Kelly ausmacht, ist die Unterscheidung zwischen <strong>der Kelly Sellier<\/strong> und <strong>der Kelly Retourne<\/strong>.<\/p>\n\n\n\n<ul class=\"wp-block-list\">\n<li><strong>Kelly Sellier<\/strong>: Der Sellier zeichnet sich durch strukturierte Linien und eine scharfe Silhouette aus und wird oft von denjenigen bevorzugt, die einen definierteren Look sch\u00e4tzen. Er verf\u00fcgt \u00fcber einen starren Sockel, der ihn weniger flexibel, aber unglaublich stilvoll macht, ideal f\u00fcr formelle Anl\u00e4sse. <\/li>\n\n\n\n<li><strong>Kelly Retourne<\/strong>: Bietet ein weicheres, entspannteres Aussehen mit einem geschmeidigen Design, das eine l\u00e4ssige Atmosph\u00e4re erm\u00f6glicht. Dieser Stil wird oft f\u00fcr den t\u00e4glichen Gebrauch bevorzugt, da er ein angenehmes Gef\u00fchl bietet und gleichzeitig die luxuri\u00f6se Essenz der Tasche beibeh\u00e4lt. <\/li>\n<\/ul>\n\n\n\n<p><mark class=\"rank-math-highlight\" style=\"background-color: #fee894\">Das Verst\u00e4ndnis der verschiedenen Herm\u00e8s Kelly-Gr\u00f6\u00dfen ist entscheidend, um die perfekte Tasche f\u00fcr jeden Anlass zu w\u00e4hlen<\/mark>.<\/p>\n\n\n\n<p>Beide Stile zeigen die exquisite Handwerkskunst, f\u00fcr die Herm\u00e8s bekannt ist, und machen beide zu einer wertvollen Erg\u00e4nzung Ihrer Garderobe.<\/p>\n\n\n\n<h3 class=\"wp-block-heading\"><strong>Kombinieren Sie Ihre Herm\u00e8s Tasche mit Outfits<\/strong><\/h3>\n\n\n\n<p><mark class=\"rank-math-highlight\" style=\"background-color: #fee894\">Die Wahl der richtigen Herm\u00e8s Kelly-Gr\u00f6\u00dfen kann einen erheblichen Einfluss auf Ihre Gesamtpr\u00e4senz haben und sollte sorgf\u00e4ltig \u00fcberlegt werden<\/mark>.<\/p>\n\n\n\n<p>Eine der Freuden des Besitzes einer Herm\u00e8s Kelly Tasche ist ihre Vielseitigkeit im Styling. Die Tasche l\u00e4sst sich sowohl zu l\u00e4ssigen als auch zu formellen Outfits kombinieren und gl\u00e4nzt in jedem Kontext. <\/p>\n\n\n\n<ul class=\"wp-block-list\">\n<li><strong>L\u00e4ssiger Look<\/strong>: Kombinieren Sie Ihre Kelly mit einer ma\u00dfgeschneiderten Jeans, einem schlichten T-Shirt und einem schicken Blazer f\u00fcr eine m\u00fchelose Eleganz, die sich perfekt f\u00fcr Verabredungen zum Mittagessen oder zum Einkaufen eignet.<\/li>\n\n\n\n<li><strong>Formeller Look<\/strong>: Werten Sie ein Abendkleid oder ein raffiniertes Cocktailkleid mit einem klassischen Kelly in Schwarz oder Marineblau f\u00fcr einen zeitlosen Look auf. Saisonale Farbt\u00f6ne k\u00f6nnen auch ein mutiges Statement setzen. <\/li>\n<\/ul>\n\n\n\n<p>Der Schl\u00fcssel liegt darin, die luxuri\u00f6se \u00c4sthetik der Tasche mit Ihrem Outfit in Einklang zu bringen, um einen polierten Look zu gew\u00e4hrleisten.<\/p>\n\n\n\n<h3 class=\"wp-block-heading\"><strong>Perfekte Anl\u00e4sse f\u00fcr jede Kellygr\u00f6\u00dfe<\/strong><\/h3>\n\n\n\n<ul class=\"wp-block-list\">\n<li><strong>Kelly Mini (20 cm):<\/strong> Am besten geeignet f\u00fcr abendliche Veranstaltungen, Cocktailpartys oder stilvolle Zusammenk\u00fcnfte. Seine kompakte Gr\u00f6\u00dfe erm\u00f6glicht eine einfache Handhabung und ist damit die ideale Wahl f\u00fcr Anl\u00e4sse, bei denen getanzt oder gesellt werden muss. <\/li>\n\n\n\n<li><strong>Kelly 25 &amp; 28<\/strong>: Ideal f\u00fcr Tag- und Nachtveranstaltungen. Egal, ob Sie zu einem Gesch\u00e4ftstreffen, einem Brunch oder einer Hochzeit gehen, diese Gr\u00f6\u00dfen bieten die perfekte Balance zwischen Stil und Funktionalit\u00e4t. <\/li>\n\n\n\n<li><strong>Kelly 35<\/strong>: Eine gr\u00f6\u00dfere Gr\u00f6\u00dfe, die vielseitig genug f\u00fcr allt\u00e4gliche Ausfl\u00fcge ist und sie zu einem hervorragenden Begleiter f\u00fcr Besorgungen oder Reisen macht.<\/li>\n<\/ul>\n\n\n\n<p><mark class=\"rank-math-highlight\" style=\"background-color: #fee894\">Durch das Verst\u00e4ndnis der verschiedenen Herm\u00e8s Kelly-Gr\u00f6\u00dfen k\u00f6nnen Sie die perfekte Tasche f\u00fcr jede Gelegenheit ausw\u00e4hlen<\/mark>.<\/p>\n\n\n\n<p><mark class=\"rank-math-highlight\" style=\"background-color: #fee894\">Jede der Herm\u00e8s Kelly-Gr\u00f6\u00dfen hat ihren eigenen Charme und bietet einzigartige M\u00f6glichkeiten f\u00fcr stimmige Looks<\/mark>.<\/p>\n\n\n\n<h3 class=\"wp-block-heading\"><strong>Finden Sie Ihre ideale Kelly-Bag-Gr\u00f6\u00dfe<\/strong><\/h3>\n\n\n\n<p><mark class=\"rank-math-highlight\" style=\"background-color: #fee894\">Die Kelly Mini und Kelly 25 sind perfekte Herm\u00e8s Kelly-Gr\u00f6\u00dfen f\u00fcr formelle Anl\u00e4sse, w\u00e4hrend gr\u00f6\u00dfere Modelle wie die Kelly 35 vielseitig f\u00fcr den Alltag sind<\/mark>.<\/p>\n\n\n\n<p><mark class=\"rank-math-highlight\" style=\"background-color: #fee894\">Die Entscheidung f\u00fcr eine der Herm\u00e8s Kelly-Gr\u00f6\u00dfen h\u00e4ngt von Ihrem pers\u00f6nlichen Stil ab und wie Sie die Tasche in Ihren Alltag integrieren m\u00f6chten<\/mark>.<\/p>\n\n\n\n<p><mark class=\"rank-math-highlight\" style=\"background-color: #fee894\">Ein weiterer wichtiger Faktor bei der Wahl der Herm\u00e8s Kelly-Gr\u00f6\u00dfen ist, wie sie sich in Ihre bestehende Garderobe integrieren lassen<\/mark>.<\/p>\n\n\n\n<p>Die Wahl der richtigen Gr\u00f6\u00dfe der Herm\u00e8s Kelly Bag hat einen erheblichen Einfluss auf Ihr Gesamterlebnis. Ber\u00fccksichtigen Sie Ihren pers\u00f6nlichen Stil, Lebensstil und Ihre Bed\u00fcrfnisse, bevor Sie eine Entscheidung treffen. <\/p>\n\n\n\n<ul class=\"wp-block-list\">\n<li><strong>Kelly 35: Perfekt<\/strong> f\u00fcr alle, die Wert auf Praktikabilit\u00e4t und Platz legen. Es bietet Platz f\u00fcr die wichtigsten Dinge des t\u00e4glichen Bedarfs, ohne Kompromisse beim Stil einzugehen. <\/li>\n\n\n\n<li><strong>Kelly Mini oder Kelly 25<\/strong>: Ideal f\u00fcr alle, die ein schickes und kompaktes Design bevorzugen, das sich m\u00fchelos stylen l\u00e4sst.<\/li>\n<\/ul>\n\n\n\n<p><mark class=\"rank-math-highlight\" style=\"background-color: #fee894\">Die Kelly-Gr\u00f6\u00dfen sind so konzipiert, dass sie sowohl stilvoll als auch funktional sind<\/mark>. <mark class=\"rank-math-highlight\" style=\"background-color: #fee894\">\u00dcberlegen Sie, welche Herm\u00e8s Kelly-Gr\u00f6\u00dfe am besten zu Ihrem Lebensstil passt<\/mark>.<\/p>\n\n\n\n<p><mark class=\"rank-math-highlight\" style=\"background-color: #fee894\">Alle Herm\u00e8s Kelly-Gr\u00f6\u00dfen bieten Ihnen die M\u00f6glichkeit, Ihren individuellen Stil zum Ausdruck zu bringen und gleichzeitig Funktionalit\u00e4t zu gew\u00e4hrleisten<\/mark>.<\/p>\n\n\n\n<p><mark class=\"rank-math-highlight\" style=\"background-color: #fee894\">Die richtige Herm\u00e8s Kelly-Gr\u00f6\u00dfe kann einen gro\u00dfen Unterschied in der Wahrnehmung Ihres Outfits machen und Ihnen helfen, selbstbewusst aufzutreten<\/mark>.<\/p>\n\n\n\n<p>Die richtige Gr\u00f6\u00dfe sollte Ihre Pers\u00f6nlichkeit und Ihren Lebensstil widerspiegeln und sicherstellen, dass Ihre Kelly Bag auch in den kommenden Jahren ein gesch\u00e4tztes Accessoire bleibt.<\/p>\n\n\n\n<p><mark class=\"rank-math-highlight\" style=\"background-color: #fee894\">W\u00e4hlen Sie die Herm\u00e8s Kelly-Gr\u00f6\u00dfe, die am besten zu Ihrem Lebensstil passt und Ihnen hilft, Ihre Pers\u00f6nlichkeit zu unterstreichen<\/mark>.<\/p>\n\n\n\n<h3 class=\"wp-block-heading\"><strong>Wie sich die Gr\u00f6\u00dfe auf Stil und Funktionalit\u00e4t auswirkt<\/strong><\/h3>\n\n\n\n<ul class=\"wp-block-list\">\n<li><strong>Gr\u00f6\u00dfere Taschen (Kelly 35):<\/strong> Setzen Sie ein mutiges Statement und bieten Sie Praktikabilit\u00e4t f\u00fcr den t\u00e4glichen Gebrauch. Je nach Outfit k\u00f6nnen sie jedoch auch l\u00e4ssiger wirken. <\/li>\n\n\n\n<li><strong>Kleinere Gr\u00f6\u00dfen (Kelly Mini):<\/strong> Strahlen eine raffinierte und elegante Aura aus, wodurch sie sich f\u00fcr formellere Umgebungen eignen.<\/li>\n<\/ul>\n\n\n\n<p><mark class=\"rank-math-highlight\" style=\"background-color: #fee894\">Die verschiedenen Herm\u00e8s Kelly-Gr\u00f6\u00dfen er\u00f6ffnen Ihnen ungeahnte M\u00f6glichkeiten, Ihren Look zu vervollst\u00e4ndigen<\/mark>.<\/p>\n\n\n\n<p><mark class=\"rank-math-highlight\" style=\"background-color: #fee894\">Mit den unterschiedlichen Herm\u00e8s Kelly-Gr\u00f6\u00dfen k\u00f6nnen Sie Ihre pers\u00f6nliche Stilpr\u00e4ferenz und Ihren Lebensstil widerspiegeln<\/mark>.<\/p>\n\n\n\n<p>Zu verstehen, wie sich die Gr\u00f6\u00dfe auf Stil und Funktionalit\u00e4t auswirkt, ist entscheidend f\u00fcr einen gut informierten Kauf.<\/p>\n\n\n\n<h3 class=\"wp-block-heading\"><strong>Beliebte Farboptionen f\u00fcr Herm\u00e8s Kelly<\/strong><\/h3>\n\n\n\n<p><mark class=\"rank-math-highlight\" style=\"background-color: #fee894\">Denken Sie daran, dass die Wahl der Herm\u00e8s Kelly-Gr\u00f6\u00dfe nicht nur eine Frage des Stils, sondern auch der Funktionalit\u00e4t ist<\/mark>.<\/p>\n\n\n\n<p><mark class=\"rank-math-highlight\" style=\"background-color: #fee894\">Investieren Sie in die passende Herm\u00e8s Kelly-Gr\u00f6\u00dfe, um Ihre Sammlung zu vervollst\u00e4ndigen und Ihre Garderobe zu bereichern<\/mark>.<\/p>\n\n\n\n<h3 class=\"wp-block-heading\"><strong>Herm\u00e8s Kelly-Gr\u00f6\u00dfen und ihre perfekte Passform<\/strong><\/h3>\n\n\n\n<p><mark class=\"rank-math-highlight\" style=\"background-color: #fee894\">Die Vielfalt der Herm\u00e8s Kelly-Gr\u00f6\u00dfen sorgt daf\u00fcr, dass f\u00fcr jeden Anlass die passende Tasche zur Verf\u00fcgung steht<\/mark>.<\/p>\n\n\n\n<p>Die Herm\u00e8s Kelly Tasche ist in einer Reihe von Farben erh\u00e4ltlich, von klassischen Farbt\u00f6nen bis hin zu leuchtenden und saisonalen Farbt\u00f6nen.<\/p>\n\n\n\n<ul class=\"wp-block-list\">\n<li><strong>Klassische Farben<\/strong>: Schwarz, Taupe und Gold bieten Vielseitigkeit f\u00fcr verschiedene Outfits und Anl\u00e4sse.<\/li>\n\n\n\n<li><strong>Saisonale und limitierte Farben<\/strong>: Leuchtendes Rot, Smaragdgr\u00fcn und sanfte Pastellt\u00f6ne verleihen dem zeitlosen Design der Kelly Bag eine verspielte Note.<\/li>\n<\/ul>\n\n\n\n<p>Die M\u00f6glichkeit, aus verschiedenen Farben zu w\u00e4hlen, erm\u00f6glicht es den K\u00e4ufern, ihren pers\u00f6nlichen Stil auszudr\u00fccken und gleichzeitig sicherzustellen, dass ihre Kelly Bag ein Statement-St\u00fcck bleibt.<\/p>\n\n\n\n<h3 class=\"wp-block-heading\"><strong>Materialauswahl: Leder, exotische H\u00e4ute und mehr<\/strong><\/h3>\n\n\n\n<p>Die Wahl des Materials ist ein weiterer wichtiger Faktor beim Kauf einer Herm\u00e8s Kelly Tasche.<\/p>\n\n\n\n<ul class=\"wp-block-list\">\n<li><strong>Lederoptionen<\/strong>: Togo-, Clemence- und Epsom-Leder bieten jeweils eine einzigartige Textur, Haltbarkeit und Aussehen.<\/li>\n\n\n\n<li><em>Togo-Leder<\/em>: Weich und widerstandsf\u00e4hig, perfekt f\u00fcr den Alltag.<\/li>\n\n\n\n<li><em>Epsomleder<\/em>: Bietet einen strukturierteren Look und ist damit eine gute Wahl f\u00fcr formelle Anl\u00e4sse.<\/li>\n\n\n\n<li><strong>Exotische H\u00e4ute<\/strong>: Krokodil-, Python- und Strau\u00dfenh\u00e4ute heben den Luxusstatus der Tasche hervor und sorgen f\u00fcr einzigartige Texturen und Oberfl\u00e4chen.<\/li>\n<\/ul>\n\n\n\n<p>Die Wahl des richtigen Materials h\u00e4ngt von Ihrem Lebensstil ab und davon, wie Sie die Tasche verwenden m\u00f6chten.<\/p>\n\n\n\n<p><mark class=\"rank-math-highlight\" style=\"background-color: #fee894\">Die Wahl und das Verst\u00e4ndnis der Herm\u00e8s Kelly-Gr\u00f6\u00dfen sind der Schl\u00fcssel zu einem gelungenen Einkauf und einer langfristigen Investition<\/mark>.<\/p>\n\n\n\n<p><mark class=\"rank-math-highlight\" style=\"background-color: #fee894\">F\u00fcr jede Herm\u00e8s Kelly-Gr\u00f6\u00dfe gibt es einzigartige Optionen, die Ihr Outfit aufwerten und Ihrer Pers\u00f6nlichkeit Ausdruck verleihen<\/mark>.<\/p>\n\n\n\n<p><mark class=\"rank-math-highlight\" style=\"background-color: #fee894\">Die Investition in eine Herm\u00e8s Kelly-Gr\u00f6\u00dfe ist eine Entscheidung, die weit \u00fcber den Preis hinausgeht und Ihnen jahrelange Freude bereiten wird<\/mark>.<\/p>\n\n\n\n<h2 class=\"wp-block-heading\"><strong>Warum die Herm\u00e8s Kelly ein Must-Have ist<\/strong><\/h2>\n\n\n\n<p>Die Herm\u00e8s Kelly Bag ist mehr als nur ein Statussymbol. Es verk\u00f6rpert Luxus, Handwerkskunst und zeitlose Eleganz. Seine Weiterentwicklung durch verschiedene Gr\u00f6\u00dfen und Materialien stellt sicher, dass es f\u00fcr jeden eine Kelly-Tasche gibt, egal ob Sie eine Fashionista sind, die ein Statement setzen m\u00f6chte, oder ein Sammler, der ein Investitionsst\u00fcck sucht. <\/p>\n\n\n\n<p>Die Investition in eine Herm\u00e8s Kelly Tasche ist eine Investition in Kunstfertigkeit und zeitlosen Stil. Egal, ob Sie sich f\u00fcr die kompakte Mini, die elegante 25 oder die praktische 35 entscheiden, jede Kelly Bag wertet Ihre Garderobe auf und dient gleichzeitig als langlebiges Accessoire. Wenn Sie die Welt von Herm\u00e8s erkunden, denken Sie daran, dass jede Tasche ihre eigene Geschichte erz\u00e4hlt und sie zu einer gesch\u00e4tzten Erg\u00e4nzung jeder Kollektion macht.  <\/p>\n\n\n\n<hr class=\"wp-block-separator has-alpha-channel-opacity\" style=\"margin-top:var(--wp--preset--spacing--30);margin-bottom:var(--wp--preset--spacing--30)\"\/>\n\n\n\n<h2 class=\"wp-block-heading has-text-align-center has-large-font-size\">Unsere Auswahl an Taschen f\u00fcr Sie<\/h2>\n\n\n<div data-block-name=\"woocommerce\/handpicked-products\" data-products=\"[17985,17996,18055,18052,17606,16910]\" class=\"wc-block-grid wp-block-handpicked-products wp-block-woocommerce-handpicked-products wc-block-handpicked-products has-3-columns has-multiple-rows\"><ul class=\"wc-block-grid__products\"><li class=\"wc-block-grid__product\">\n\t\t\t\t<a href=\"https:\/\/handbag-sense.com\/de\/produkt\/hermes-birkin-30-togo-schwarz\/\" class=\"wc-block-grid__product-link\">\n\t\t\t\t\t\n\t\t\t\t\t<div class=\"wc-block-grid__product-image\"><img decoding=\"async\" width=\"300\" height=\"300\" src=\"https:\/\/handbag-sense.com\/wp-content\/uploads\/2025\/03\/Hermes-Birkin-30-Togo-Black-300x300.webp\" class=\"attachment-woocommerce_thumbnail size-woocommerce_thumbnail\" alt=\"Herm\u00e8s Birkin 30 Togo Lederhandtasche in Schwarz mit goldener Hardware (GHW)\" srcset=\"https:\/\/handbag-sense.com\/wp-content\/uploads\/2025\/03\/Hermes-Birkin-30-Togo-Black-300x300.webp 300w, https:\/\/handbag-sense.com\/wp-content\/uploads\/2025\/03\/Hermes-Birkin-30-Togo-Black-150x150.webp 150w, https:\/\/handbag-sense.com\/wp-content\/uploads\/2025\/03\/Hermes-Birkin-30-Togo-Black-100x100.webp 100w\" sizes=\"(max-width: 300px) 100vw, 300px\" title=\"\"><\/div>\n\t\t\t\t\t<div class=\"wc-block-grid__product-title\">Birkin 30 Togo Schwarz<\/div>\n\t\t\t\t<\/a>\n\t\t\t\t<div class=\"wc-block-grid__product-price price\"><\/div>\n\t\t\t\t\n\t\t\t\t<div class=\"wp-block-button wc-block-grid__product-add-to-cart\"><a href=\"https:\/\/handbag-sense.com\/de\/produkt\/hermes-birkin-30-togo-schwarz\/\" aria-label=\"Lese mehr \u00fcber &#8222;Birkin 30 Togo Schwarz&#8220;\" data-quantity=\"1\" data-product_id=\"18055\" data-product_sku=\"\" data-price=\"0\" rel=\"nofollow\" class=\"wp-block-button__link wp-element-button add_to_cart_button\">Weiterlesen<\/a><\/div>\n\t\t\t<\/li><li class=\"wc-block-grid__product\">\n\t\t\t\t<a href=\"https:\/\/handbag-sense.com\/de\/produkt\/hermes-kelly-25-epsom-schwarz-sellier\/\" class=\"wc-block-grid__product-link\">\n\t\t\t\t\t\n\t\t\t\t\t<div class=\"wc-block-grid__product-image\"><img decoding=\"async\" width=\"300\" height=\"300\" src=\"https:\/\/handbag-sense.com\/wp-content\/uploads\/2025\/03\/hermes-kelly-25-epsom-black-sellier-300x300.webp\" class=\"attachment-woocommerce_thumbnail size-woocommerce_thumbnail\" alt=\"Herm\u00e8s Kelly 25 Epsom schwarz Sellier mit goldener Hardware \u2013 elegante Henkeltasche\" srcset=\"https:\/\/handbag-sense.com\/wp-content\/uploads\/2025\/03\/hermes-kelly-25-epsom-black-sellier-300x300.webp 300w, https:\/\/handbag-sense.com\/wp-content\/uploads\/2025\/03\/hermes-kelly-25-epsom-black-sellier-150x150.webp 150w, https:\/\/handbag-sense.com\/wp-content\/uploads\/2025\/03\/hermes-kelly-25-epsom-black-sellier-100x100.webp 100w\" sizes=\"(max-width: 300px) 100vw, 300px\" title=\"\"><\/div>\n\t\t\t\t\t<div class=\"wc-block-grid__product-title\">Kelly 25 Epsom Schwarz Sellier<\/div>\n\t\t\t\t<\/a>\n\t\t\t\t<div class=\"wc-block-grid__product-price price\"><\/div>\n\t\t\t\t\n\t\t\t\t<div class=\"wp-block-button wc-block-grid__product-add-to-cart\"><a href=\"https:\/\/handbag-sense.com\/de\/produkt\/hermes-kelly-25-epsom-schwarz-sellier\/\" aria-label=\"Lese mehr \u00fcber &#8222;Kelly 25 Epsom Schwarz Sellier&#8220;\" data-quantity=\"1\" data-product_id=\"18052\" data-product_sku=\"\" data-price=\"0\" rel=\"nofollow\" class=\"wp-block-button__link wp-element-button add_to_cart_button\">Verkauft<\/a><\/div>\n\t\t\t<\/li><li class=\"wc-block-grid__product\">\n\t\t\t\t<a href=\"https:\/\/handbag-sense.com\/de\/produkt\/hermes-birkin-25-togo-naturel-sable\/\" class=\"wc-block-grid__product-link\">\n\t\t\t\t\t\n\t\t\t\t\t<div class=\"wc-block-grid__product-image\"><img decoding=\"async\" width=\"300\" height=\"300\" src=\"https:\/\/handbag-sense.com\/wp-content\/uploads\/2025\/03\/hermes-birkin-25-togo-naturel-sable-gold-hardware-300x300.webp\" class=\"attachment-woocommerce_thumbnail size-woocommerce_thumbnail\" alt=\"Herm&egrave;s Birkin 25 aus Togo-Leder in Naturel Sable mit goldener Hardware &ndash; luxuri&ouml;se kleine Handtasche\" srcset=\"https:\/\/handbag-sense.com\/wp-content\/uploads\/2025\/03\/hermes-birkin-25-togo-naturel-sable-gold-hardware-300x300.webp 300w, https:\/\/handbag-sense.com\/wp-content\/uploads\/2025\/03\/hermes-birkin-25-togo-naturel-sable-gold-hardware-150x150.webp 150w, https:\/\/handbag-sense.com\/wp-content\/uploads\/2025\/03\/hermes-birkin-25-togo-naturel-sable-gold-hardware-100x100.webp 100w\" sizes=\"(max-width: 300px) 100vw, 300px\" title=\"\"><\/div>\n\t\t\t\t\t<div class=\"wc-block-grid__product-title\">Birkin 25 Togo Naturel Sable<\/div>\n\t\t\t\t<\/a>\n\t\t\t\t<div class=\"wc-block-grid__product-price price\"><span class=\"woocommerce-Price-amount amount\">21.900,00&nbsp;<span class=\"woocommerce-Price-currencySymbol\">&euro;<\/span><\/span><\/div><p class=\"wc-gzd-additional-info wc-gzd-additional-info-loop shipping-costs-info\">plus <a href=\"https:\/\/handbag-sense.com\/de\/versandarten\/\" target=\"_blank\">Shipping Costs<\/a><\/p>\n\t\t\t\t\n\t\t\t\t<div class=\"wp-block-button wc-block-grid__product-add-to-cart\"><a href=\"\/de\/wp-json\/wp\/v2\/posts\/18187?add-to-cart=17996\" aria-label=\"In den Warenkorb legen: &bdquo;Birkin 25 Togo Naturel Sable&ldquo;\" data-quantity=\"1\" data-product_id=\"17996\" data-product_sku=\"\" data-price=\"21900\" rel=\"nofollow\" class=\"wp-block-button__link wp-element-button add_to_cart_button ajax_add_to_cart\">Verkauft<\/a><\/div>\n\t\t\t<\/li>\n<li class=\"wc-block-grid__product\">\n\t\t\t\t<a href=\"https:\/\/handbag-sense.com\/de\/produkt\/hermes-birkin-25-gold-togo\/\" class=\"wc-block-grid__product-link\">\n\t\t\t\t\t\n\t\t\t\t\t<div class=\"wc-block-grid__product-image\"><img decoding=\"async\" width=\"300\" height=\"300\" src=\"https:\/\/handbag-sense.com\/wp-content\/uploads\/2025\/02\/hermes-birkin-25-gold-togo--450x450.webp\" class=\"attachment-woocommerce_thumbnail size-woocommerce_thumbnail\" alt=\"Herm\u00e8s Birkin 25 gold Togo-Leder mit goldenen Beschl\u00e4gen \u2013 klassische Luxus-Mini-Handtasche\" srcset=\"https:\/\/handbag-sense.com\/wp-content\/uploads\/2025\/02\/hermes-birkin-25-gold-togo--450x450.webp 450w, https:\/\/handbag-sense.com\/wp-content\/uploads\/2025\/02\/hermes-birkin-25-gold-togo--150x150.webp 150w, https:\/\/handbag-sense.com\/wp-content\/uploads\/2025\/02\/hermes-birkin-25-gold-togo--100x100.webp 100w\" sizes=\"(max-width: 300px) 100vw, 300px\" title=\"\"><\/div>\n\t\t\t\t\t<div class=\"wc-block-grid__product-title\">Birkin 25 Gold Togo<\/div>\n\t\t\t\t<\/a>\n\t\t\t\t<div class=\"wc-block-grid__product-price price\"><\/div>\n\t\t\t\t\n\t\t\t\t<div class=\"wp-block-button wc-block-grid__product-add-to-cart\"><a href=\"https:\/\/handbag-sense.com\/de\/produkt\/hermes-birkin-25-gold-togo\/\" aria-label=\"Lese mehr \u00fcber &#8222;Birkin 25 Gold Togo&#8220;\" data-quantity=\"1\" data-product_id=\"17985\" data-product_sku=\"\" data-price=\"0\" rel=\"nofollow\" class=\"wp-block-button__link wp-element-button add_to_cart_button\">Verkauft<\/a><\/div>\n\t\t\t<\/li><li class=\"wc-block-grid__product\">\n\t\t\t\t<a href=\"https:\/\/handbag-sense.com\/de\/produkt\/hermes-kelly-mini-craie-epsom\/\" class=\"wc-block-grid__product-link\">\n\t\t\t\t\t\n\t\t\t\t\t<div class=\"wc-block-grid__product-image\"><img decoding=\"async\" width=\"300\" height=\"300\" src=\"https:\/\/handbag-sense.com\/wp-content\/uploads\/2025\/03\/Hermes-Kelly-Mini-Craie-Epsom-300x300.webp\" class=\"attachment-woocommerce_thumbnail size-woocommerce_thumbnail\" alt=\"Herm\u00e8s Kelly Mini 20 aus Epsom-Leder in Craie mit Permabrass-Hardware \u2013 elegante Mini-Tasche in Off-White\" srcset=\"https:\/\/handbag-sense.com\/wp-content\/uploads\/2025\/03\/Hermes-Kelly-Mini-Craie-Epsom-300x300.webp 300w, https:\/\/handbag-sense.com\/wp-content\/uploads\/2025\/03\/Hermes-Kelly-Mini-Craie-Epsom-150x150.webp 150w, https:\/\/handbag-sense.com\/wp-content\/uploads\/2025\/03\/Hermes-Kelly-Mini-Craie-Epsom-100x100.webp 100w\" sizes=\"(max-width: 300px) 100vw, 300px\" title=\"\"><\/div>\n\t\t\t\t\t<div class=\"wc-block-grid__product-title\">Kelly Mini Craie Epsom<\/div>\n\t\t\t\t<\/a>\n\t\t\t\t<div class=\"wc-block-grid__product-price price\"><\/div>\n\t\t\t\t\n\t\t\t\t<div class=\"wp-block-button wc-block-grid__product-add-to-cart\"><a href=\"https:\/\/handbag-sense.com\/de\/produkt\/hermes-kelly-mini-craie-epsom\/\" aria-label=\"Lese mehr \u00fcber &#8222;Kelly Mini Craie Epsom&#8220;\" data-quantity=\"1\" data-product_id=\"17606\" data-product_sku=\"\" data-price=\"0\" rel=\"nofollow\" class=\"wp-block-button__link wp-element-button add_to_cart_button\">Verkauft<\/a><\/div>\n\t\t\t<\/li><li class=\"wc-block-grid__product\">\n\t\t\t\t<a href=\"https:\/\/handbag-sense.com\/de\/produkt\/hermes-birkin-25-sellier-craie-epsom\/\" class=\"wc-block-grid__product-link\">\n\t\t\t\t\t\n\t\t\t\t\t<div class=\"wc-block-grid__product-image\"><img decoding=\"async\" width=\"300\" height=\"300\" src=\"https:\/\/handbag-sense.com\/wp-content\/uploads\/2025\/03\/Hermes-Birkin-25-Sellier-Epsom-Craie-300x300.webp\" class=\"attachment-woocommerce_thumbnail size-woocommerce_thumbnail\" alt=\"Herm\u00e8s Birkin 25 Sellier Craie Epsom-Leder mit goldenen Beschl\u00e4gen \u2013 elegante, strukturierte Mini-Handtasche\" srcset=\"https:\/\/handbag-sense.com\/wp-content\/uploads\/2025\/03\/Hermes-Birkin-25-Sellier-Epsom-Craie-300x300.webp 300w, https:\/\/handbag-sense.com\/wp-content\/uploads\/2025\/03\/Hermes-Birkin-25-Sellier-Epsom-Craie-150x150.webp 150w, https:\/\/handbag-sense.com\/wp-content\/uploads\/2025\/03\/Hermes-Birkin-25-Sellier-Epsom-Craie-100x100.webp 100w\" sizes=\"(max-width: 300px) 100vw, 300px\" title=\"\"><\/div>\n\t\t\t\t\t<div class=\"wc-block-grid__product-title\">Birkin 25 Sellier Craie Epsom<\/div>\n\t\t\t\t<\/a>\n\t\t\t\t<div class=\"wc-block-grid__product-price price\"><\/div>\n\t\t\t\t\n\t\t\t\t<div class=\"wp-block-button wc-block-grid__product-add-to-cart\"><a href=\"https:\/\/handbag-sense.com\/de\/produkt\/hermes-birkin-25-sellier-craie-epsom\/\" aria-label=\"Lese mehr \u00fcber &#8222;Birkin 25 Sellier Craie Epsom&#8220;\" data-quantity=\"1\" data-product_id=\"16910\" data-product_sku=\"\" data-price=\"0\" rel=\"nofollow\" class=\"wp-block-button__link wp-element-button add_to_cart_button\">Verkauft<\/a><\/div>\n\t\t\t<\/li><\/ul><\/div>\n\n\n<p><mark class=\"rank-math-highlight\" style=\"background-color: #fee894\">Die richtige Herm\u00e8s Kelly-Gr\u00f6\u00dfe ist der Schl\u00fcssel zu einem stilvollen und praktischen Look<\/mark>.<\/p>\n\n\n\n<p><mark class=\"rank-math-highlight\" style=\"background-color: #fee894\">Betrachten Sie bei Ihrer Entscheidung auch, welche der Herm\u00e8s Kelly-Gr\u00f6\u00dfen am besten zu Ihren zuk\u00fcnftigen Anl\u00e4ssen passt<\/mark>.<\/p>\n","protected":false},"excerpt":{"rendered":"<p>Finden Sie Ihre perfekte Passform: Die besten Herm\u00e8s Kelly-Gr\u00f6\u00dfen f\u00fcr jeden Lebensstil \u2013 Entdecken Sie die Vielzahl der Herm\u00e8s Kelly-Gr\u00f6\u00dfen. Die Herm\u00e8s Kelly Tasche ist ein ikonisches Symbol f\u00fcr Luxus, Eleganz und zeitlose Handwerkskunst. Mit seiner reichen Geschichte und seiner unvergleichlichen Qualit\u00e4t ist es ein begehrtes Accessoire f\u00fcr Modeliebhaber und Sammler gleicherma\u00dfen geblieben. Die Wahl [&hellip;]<\/p>\n","protected":false},"author":2,"featured_media":18192,"comment_status":"closed","ping_status":"closed","sticky":false,"template":"","format":"standard","meta":{"footnotes":""},"categories":[324],"tags":[],"class_list":["post-18187","post","type-post","status-publish","format-standard","has-post-thumbnail","hentry","category-hermes-de"],"_links":{"self":[{"href":"https:\/\/handbag-sense.com\/de\/wp-json\/wp\/v2\/posts\/18187","targetHints":{"allow":["GET"]}}],"collection":[{"href":"https:\/\/handbag-sense.com\/de\/wp-json\/wp\/v2\/posts"}],"about":[{"href":"https:\/\/handbag-sense.com\/de\/wp-json\/wp\/v2\/types\/post"}],"author":[{"embeddable":true,"href":"https:\/\/handbag-sense.com\/de\/wp-json\/wp\/v2\/users\/2"}],"replies":[{"embeddable":true,"href":"https:\/\/handbag-sense.com\/de\/wp-json\/wp\/v2\/comments?post=18187"}],"version-history":[{"count":0,"href":"https:\/\/handbag-sense.com\/de\/wp-json\/wp\/v2\/posts\/18187\/revisions"}],"wp:featuredmedia":[{"embeddable":true,"href":"https:\/\/handbag-sense.com\/de\/wp-json\/wp\/v2\/media\/18192"}],"wp:attachment":[{"href":"https:\/\/handbag-sense.com\/de\/wp-json\/wp\/v2\/media?parent=18187"}],"wp:term":[{"taxonomy":"category","embeddable":true,"href":"https:\/\/handbag-sense.com\/de\/wp-json\/wp\/v2\/categories?post=18187"},{"taxonomy":"post_tag","embeddable":true,"href":"https:\/\/handbag-sense.com\/de\/wp-json\/wp\/v2\/tags?post=18187"}],"curies":[{"name":"wp","href":"https:\/\/api.w.org\/{rel}","templated":true}]}}