{"id":1638,"date":"2023-07-12T08:53:12","date_gmt":"2023-07-12T06:53:12","guid":{"rendered":"https:\/\/handbag-sense.com\/from-the-kelly-mini-bag-to-the-kelly-50-travel-bag\/"},"modified":"2025-03-28T17:20:12","modified_gmt":"2025-03-28T16:20:12","slug":"von-der-kelly-mini-bag-bis-zur-kelly-50-reisetasche","status":"publish","type":"post","link":"https:\/\/handbag-sense.com\/de\/von-der-kelly-mini-bag-bis-zur-kelly-50-reisetasche\/","title":{"rendered":"Von der Kelly Mini Bag bis zur Kelly 50 Reisetasche"},"content":{"rendered":"\n<p class=\"has-drop-cap\">Diese Tasche ist nach der legend\u00e4ren Grace Kelly benannt. Die m\u00e4chtigsten Frauen der Welt stehen Schlange, um eine zu besitzen. Die Rede ist von der legend\u00e4ren Kelly Bag aus dem franz\u00f6sischen Modehaus <a href=\"https:\/\/handbag-sense.com\/de\/shop\/brand-hermes-de\/\">Herm\u00e8s.<\/a><\/p>\n\n\n\n<p><\/p>\n\n\n\n<h2 class=\"wp-block-heading\"><a href=\"https:\/\/handbag-sense.com\/de\">Kelly Bag: Eine Ikone in vielen Varianten<\/a><\/h2>\n\n\n\n<p>Kelly Bag ist eine trapezf\u00f6rmige Damenhandtasche mit einem runden Henkel und Schulterriemen. Kelly Bag ist grunds\u00e4tzlich in den zwei Versionen Sellier sowie Retourne und in acht Gr\u00f6\u00dfen erh\u00e4ltlich: Kelly 15, Kelly 20, Kelly 25, Kelly 28, Kelly 32, Kelly 35, Kelly 40, Kelly 50.<\/p>\n\n\n\n<div style=\"height:30px\" aria-hidden=\"true\" class=\"wp-block-spacer\"><\/div>\n\n\n\n<figure class=\"wp-block-image size-full\"><a href=\"https:\/\/handbag-sense.com\/de\/produkt\/hermes-kelly-25-sellier-epsom-schwarz-goldene-hardware\/\"><img decoding=\"async\" width=\"1024\" height=\"760\" src=\"https:\/\/handbag-sense.com\/wp-content\/uploads\/2023\/07\/bags1.webp\" alt=\"Herm\u00e8s Kelly 25 Sellier Epsom und Herm\u00e8s Kelly 25 Retourne\" class=\"wp-image-1627\" title=\"\" srcset=\"https:\/\/handbag-sense.com\/wp-content\/uploads\/2023\/07\/bags1.webp 1024w, https:\/\/handbag-sense.com\/wp-content\/uploads\/2023\/07\/bags1-600x445.webp 600w, https:\/\/handbag-sense.com\/wp-content\/uploads\/2023\/07\/bags1-300x223.webp 300w, https:\/\/handbag-sense.com\/wp-content\/uploads\/2023\/07\/bags1-768x570.webp 768w\" sizes=\"(max-width: 1024px) 100vw, 1024px\" \/><\/a><\/figure>\n\n\n\n<div style=\"height:30px\" aria-hidden=\"true\" class=\"wp-block-spacer\"><\/div>\n\n\n\n<p>Retourne ist ein Modell aus weichem Leder und mit abgerundeten Kanten, die aufgrund des weichen Leders mehr Pflege ben\u00f6tigen, da sie anf\u00e4lliger f\u00fcr Besch\u00e4digungen sind. Es ist allgemein bekannt, dass dieses Modell ideal f\u00fcr Reisen und den Alltag ist. Sellier ist technisch etwas aufwendiger und kostet daher mehr als Retourne. Eine Kelly Sellier Bag hat eine kantige Form und scharfe Ecken und gilt als eleganteres und formelleres Modell f\u00fcr Damen.<\/p>\n\n\n\n<p>Von allen Taschen der Herm\u00e8s-Handtaschenkollektion ist die Kelly Bag wahrscheinlich die vielf\u00e4ltigste in Bezug auf Aussehen und Haptik. Abgesehen von dem breiten Spektrum an Ledern und exotischen Ledern, aus denen die Kelly Bags von Herm\u00e8s hergestellt wurden, werden Kelly Taschen auch aus Leder-Stoff-Mischungen wie Canvas, Wildleder und Ponyhaar mit verschiedenen Lederdetails gefertigt. Die Herm\u00e8s Kelly Taschen sind die ersten Handtaschen, bei denen Herm\u00e8s mit Farbkombinationen experimentiert: mit dem Mischen von Farben \u2013 zum Beispiel zwei- und dreifarbige Taschen in Kombinationen aus Leder und Wildleder, Leder und Canvas, Leder und Ponyhaar, Leder und Osier.<\/p>\n\n\n\n<p>Dar\u00fcber hinaus wurde eine gewisse Anzahl von Sonderkollektionen der Kelly-Familie auf den Markt gebracht, wie die Kelly-Umh\u00e4ngetasche (auch die Kelly Danse), die Kelly Cut und die Kelly Mini Pochette, die Kelly Ghillies, die Kelly Picknick. Die Palette der acht Kelly-Modelle reicht von der Mini-Tasche mit einer Breite von 15-20 cm bis zur 50 cm gro\u00dfen Reisetasche. Die Gr\u00f6\u00dfen Kelly 28, Kelly 32 und Kelly 35 eignen sich gut f\u00fcr eine legere Garderobe. Die Kelly 40 oder die Kelly 50 ist ein guter Reisebegleiter. Kelly 15, Kelly 20 und Kelly 25 sind ideal f\u00fcr den Abend.<\/p>\n\n\n\n<p>In diesem Artikel werde ich \u00fcber die Kelly Mini Bags und die Kelly 25 berichten.<\/p>\n\n\n\n<h2 class=\"wp-block-heading\">Die Herm\u00e8s Kelly 25 Bag<\/h2>\n\n\n\n<p>Die Herm\u00e8s Kelly 25 gibt es mindestens seit den fr\u00fchen 1960er Jahren. Exemplare aus dieser Zeit sind extrem selten und weisen eher die Plaque-Beschl\u00e4ge in voller Gr\u00f6\u00dfe auf als die Mini-Version, die wir heute bei den Kelly 25 und 20 Taschen sehen. Interessanterweise wurden Kelly 20-Taschen gefunden, die aus einer fr\u00fcheren Zeit stammen als Kelly 25-Taschen, obwohl diese von Anfang an mit miniaturisierten Beschl\u00e4gen ausgestattet waren. W\u00e4hrend Schloss, Schl\u00fcssel und Clochette schon immer zur Sicherung der Kelly 25-Taschen geh\u00f6rten, wurde ein Schulterriemen erst in j\u00fcngerer Zeit f\u00fcr dieses Modell eingef\u00fchrt.<\/p>\n\n\n\n<p>Zwischen 1976 und 1990 hatten die fr\u00fchen Kelly 25 cm einen Riemen mit einer X-Schlie\u00dfe am Ende. Ebenfalls ab 1971 konnte man einen breiten Riemen aus Canvas mit X-Schlie\u00dfe oder ein schmales Lederband mit X-Schlie\u00dfe bekommen. Heutzutage ist dieser breitere Riemen aus Canvas als Amazon-Gurt bekannt. Ab 1991 wurde die X-Schlie\u00dfe durch eine runde Schlie\u00dfe ersetzt, die seither unver\u00e4ndert ist. Palladium-Beschl\u00e4ge wurden erstmals 1998 bei den Kelly Bags verwendet, und um das Jahr 2000 wurde eine zweite Schlaufe an den Henkeln angebracht, um die Verwendung der Riemen zu erleichtern. Seit dem Jahr 2000 wurden am Design der Kelly-Taschen praktisch keine \u00c4nderungen mehr vorgenommen, mit einer Ausnahme: der Neugestaltung der Mini Kelly 20.<\/p>\n\n\n\n<div style=\"height:30px\" aria-hidden=\"true\" class=\"wp-block-spacer\"><\/div>\n\n\n\n<figure class=\"wp-block-image size-full\"><a href=\"https:\/\/handbag-sense.com\/de\/produkt\/kelly-25-epsom-sellier-gold-gold-hardware\/\"><img decoding=\"async\" width=\"1024\" height=\"947\" src=\"https:\/\/handbag-sense.com\/wp-content\/uploads\/2023\/07\/bags2.webp\" alt=\"Herm\u00e8s Kelly 25 Epsom Gold Palladium HW.\" class=\"wp-image-1629\" title=\"\" srcset=\"https:\/\/handbag-sense.com\/wp-content\/uploads\/2023\/07\/bags2.webp 1024w, https:\/\/handbag-sense.com\/wp-content\/uploads\/2023\/07\/bags2-600x555.webp 600w, https:\/\/handbag-sense.com\/wp-content\/uploads\/2023\/07\/bags2-300x277.webp 300w, https:\/\/handbag-sense.com\/wp-content\/uploads\/2023\/07\/bags2-768x710.webp 768w\" sizes=\"(max-width: 1024px) 100vw, 1024px\" \/><\/a><\/figure>\n\n\n\n<div style=\"height:30px\" aria-hidden=\"true\" class=\"wp-block-spacer\"><\/div>\n\n\n\n<h2 class=\"wp-block-heading\">Die Herm\u00e8s Kelly 20<\/h2>\n\n\n\n<p>Die \u00e4lteste bekannte Herm\u00e8s Kelly 20 stammt aus dem Jahr 1957. Sie hatte einen mittellangen Schulterriemen. Die Kelly 20 cm gab es in zwei Varianten: eine mit kurzem Henkel und separatem langen Riemen und ein weiteres Modell mit langem Riemen ohne separate Riemen. Der ikonische runde obere Griff, der Sammler dazu veranlasst hat, ihn als Armband-Griff zu bezeichnen, wurde erst 1980 eingef\u00fchrt. Es sollten weitere zehn Jahre vergehen, bis Herm\u00e8s die Kelly 20 in Retourne einf\u00fchrte, ein Modell, das heute \u00e4u\u00dferst selten ist. Die letzte bekannte Kelly 20-Tasche stammt aus dem Jahr 2009, jedoch sind Exemplare nach 2004 \u00e4u\u00dferst selten. Eine \u00fcberarbeitete, schlankere Version, die Herm\u00e8s 2016 auf den Markt gebracht hat, ist die Mini Kelly \u2013 oder Mini Kelly II. Bei dieser Version wurden der obere Henkel und die Tiefe reduziert. Herm\u00e8s Kelly 20-Taschen wurden nie mit Schl\u00f6ssern, Schl\u00fcsseln oder Clochettes geliefert, obwohl die Modelle seit ihrer Einf\u00fchrung mit Schulterriemen versehen waren. Es ist \u00e4u\u00dferst selten, alte Kelly 20-Taschen mit Doppelschlaufen zu finden, da diese bei der \u00c4nderung um die Jahrhundertwende nicht vorgesehen waren.<\/p>\n\n\n\n<div style=\"height:30px\" aria-hidden=\"true\" class=\"wp-block-spacer\"><\/div>\n\n\n\n<figure class=\"wp-block-image size-full\"><img decoding=\"async\" width=\"1024\" height=\"928\" src=\"https:\/\/handbag-sense.com\/wp-content\/uploads\/2023\/07\/bags3.webp\" alt=\"Herm\u00e8s Kelly 20 Epsom Nata\" class=\"wp-image-1631\" title=\"\" srcset=\"https:\/\/handbag-sense.com\/wp-content\/uploads\/2023\/07\/bags3.webp 1024w, https:\/\/handbag-sense.com\/wp-content\/uploads\/2023\/07\/bags3-600x544.webp 600w, https:\/\/handbag-sense.com\/wp-content\/uploads\/2023\/07\/bags3-300x272.webp 300w, https:\/\/handbag-sense.com\/wp-content\/uploads\/2023\/07\/bags3-768x696.webp 768w\" sizes=\"(max-width: 1024px) 100vw, 1024px\" \/><\/figure>\n\n\n\n<div style=\"height:30px\" aria-hidden=\"true\" class=\"wp-block-spacer\"><\/div>\n\n\n\n<h2 class=\"wp-block-heading\">The Herm\u00e8s Kelly 15<\/h2>\n\n\n\n<p>Herm\u00e8s produzierte auch zwei Serien von seltenen 15 cm Micro-Kelly-Taschen. Die erste von ihnen entstand von 1984-1985 und dann wieder von 1991-1992. Diese Kelly-Taschen wurden haupts\u00e4chlich in Courchevel, Box, Lizard und Crocodile hergestellt und verf\u00fcgten \u00fcber extra d\u00fcnne Riemen und extra kleine Beschl\u00e4ge. Im Jahr 2011 f\u00fchrte Herm\u00e8s ein neues Design f\u00fcr die 15 cm Micro-Kelly ein, diesmal in Verbindung mit der Candy Collection von Christophe Lemaire. Haupts\u00e4chlich in Swift- oder Epsom-Leder, aber auch in Lizard-Leder wurden sie hergestellt. Diese Herm\u00e8s Micro Kelly Taschen wurden von den uniquen 15 cm Herm\u00e8s Birkins begleitet, die ausschlie\u00dflich f\u00fcr die Candy Collection hergestellt wurden. Das 15 cm Modell erlebte sein Comeback als Kelly Soir in 2012\/2013. Die Kelly 15 cm verf\u00fcgt \u00fcber einen Riemen, der einzigartig f\u00fcr die Kelly 15 ist. Er ist sehr zierlich, fast wie ein Seil, mit einer Federschlie\u00dfe an beiden Enden.<\/p>\n\n\n\n<p>In den vergangenen f\u00fcnf Jahren ist die Nachfrage nach kleinen Kelly Modellen enorm gestiegen und der Mini-Taschen-Hype h\u00e4lt nun schon seit einigen Jahren an, obwohl es noch gar nicht so lange her ist, dass Herm\u00e8s mangels Nachfrage einfach nicht wirklich viele davon produzierte, da die meisten Kunden immer noch 32- und 35-cm-Taschen trugen.<\/p>\n\n\n\n<div style=\"height:30px\" aria-hidden=\"true\" class=\"wp-block-spacer\"><\/div>\n\n\n\n<figure class=\"wp-block-image size-full\"><img decoding=\"async\" width=\"1024\" height=\"934\" src=\"https:\/\/handbag-sense.com\/wp-content\/uploads\/2023\/07\/bags4.webp\" alt=\"Herm\u00e8s Kelly \" class=\"wp-image-1625\" title=\"\" srcset=\"https:\/\/handbag-sense.com\/wp-content\/uploads\/2023\/07\/bags4.webp 1024w, https:\/\/handbag-sense.com\/wp-content\/uploads\/2023\/07\/bags4-600x547.webp 600w, https:\/\/handbag-sense.com\/wp-content\/uploads\/2023\/07\/bags4-300x274.webp 300w, https:\/\/handbag-sense.com\/wp-content\/uploads\/2023\/07\/bags4-768x701.webp 768w\" sizes=\"(max-width: 1024px) 100vw, 1024px\" \/><\/figure>\n\n\n\n<hr class=\"wp-block-separator has-alpha-channel-opacity\" style=\"margin-top:var(--wp--preset--spacing--30);margin-bottom:var(--wp--preset--spacing--30)\"\/>\n\n\n\n<h2 class=\"wp-block-heading has-text-align-center has-large-font-size\">Unsere Auswahl an Taschen f\u00fcr Sie<\/h2>\n\n\n<div data-block-name=\"woocommerce\/handpicked-products\" data-products=\"[17985,17996,18055,18052,17606,16910]\" class=\"wc-block-grid wp-block-handpicked-products wp-block-woocommerce-handpicked-products wc-block-handpicked-products has-3-columns has-multiple-rows\"><ul class=\"wc-block-grid__products\"><li class=\"wc-block-grid__product\">\n\t\t\t\t<a href=\"https:\/\/handbag-sense.com\/de\/produkt\/hermes-birkin-30-togo-schwarz\/\" class=\"wc-block-grid__product-link\">\n\t\t\t\t\t\n\t\t\t\t\t<div class=\"wc-block-grid__product-image\"><img decoding=\"async\" width=\"300\" height=\"300\" src=\"https:\/\/handbag-sense.com\/wp-content\/uploads\/2025\/03\/Hermes-Birkin-30-Togo-Black-300x300.webp\" class=\"attachment-woocommerce_thumbnail size-woocommerce_thumbnail\" alt=\"Herm\u00e8s Birkin 30 Togo Lederhandtasche in Schwarz mit goldener Hardware (GHW)\" srcset=\"https:\/\/handbag-sense.com\/wp-content\/uploads\/2025\/03\/Hermes-Birkin-30-Togo-Black-300x300.webp 300w, https:\/\/handbag-sense.com\/wp-content\/uploads\/2025\/03\/Hermes-Birkin-30-Togo-Black-150x150.webp 150w, https:\/\/handbag-sense.com\/wp-content\/uploads\/2025\/03\/Hermes-Birkin-30-Togo-Black-100x100.webp 100w\" sizes=\"(max-width: 300px) 100vw, 300px\" title=\"\"><\/div>\n\t\t\t\t\t<div class=\"wc-block-grid__product-title\">Birkin 30 Togo Schwarz<\/div>\n\t\t\t\t<\/a>\n\t\t\t\t<div class=\"wc-block-grid__product-price price\"><\/div>\n\t\t\t\t\n\t\t\t\t<div class=\"wp-block-button wc-block-grid__product-add-to-cart\"><a href=\"https:\/\/handbag-sense.com\/de\/produkt\/hermes-birkin-30-togo-schwarz\/\" aria-label=\"Lese mehr \u00fcber &#8222;Birkin 30 Togo Schwarz&#8220;\" data-quantity=\"1\" data-product_id=\"18055\" data-product_sku=\"\" data-price=\"0\" rel=\"nofollow\" class=\"wp-block-button__link wp-element-button add_to_cart_button\">Weiterlesen<\/a><\/div>\n\t\t\t<\/li><li class=\"wc-block-grid__product\">\n\t\t\t\t<a href=\"https:\/\/handbag-sense.com\/de\/produkt\/hermes-kelly-25-epsom-schwarz-sellier\/\" class=\"wc-block-grid__product-link\">\n\t\t\t\t\t\n\t\t\t\t\t<div class=\"wc-block-grid__product-image\"><img decoding=\"async\" width=\"300\" height=\"300\" src=\"https:\/\/handbag-sense.com\/wp-content\/uploads\/2025\/03\/hermes-kelly-25-epsom-black-sellier-300x300.webp\" class=\"attachment-woocommerce_thumbnail size-woocommerce_thumbnail\" alt=\"Herm\u00e8s Kelly 25 Epsom schwarz Sellier mit goldener Hardware \u2013 elegante Henkeltasche\" srcset=\"https:\/\/handbag-sense.com\/wp-content\/uploads\/2025\/03\/hermes-kelly-25-epsom-black-sellier-300x300.webp 300w, https:\/\/handbag-sense.com\/wp-content\/uploads\/2025\/03\/hermes-kelly-25-epsom-black-sellier-150x150.webp 150w, https:\/\/handbag-sense.com\/wp-content\/uploads\/2025\/03\/hermes-kelly-25-epsom-black-sellier-100x100.webp 100w\" sizes=\"(max-width: 300px) 100vw, 300px\" title=\"\"><\/div>\n\t\t\t\t\t<div class=\"wc-block-grid__product-title\">Kelly 25 Epsom Schwarz Sellier<\/div>\n\t\t\t\t<\/a>\n\t\t\t\t<div class=\"wc-block-grid__product-price price\"><\/div>\n\t\t\t\t\n\t\t\t\t<div class=\"wp-block-button wc-block-grid__product-add-to-cart\"><a href=\"https:\/\/handbag-sense.com\/de\/produkt\/hermes-kelly-25-epsom-schwarz-sellier\/\" aria-label=\"Lese mehr \u00fcber &#8222;Kelly 25 Epsom Schwarz Sellier&#8220;\" data-quantity=\"1\" data-product_id=\"18052\" data-product_sku=\"\" data-price=\"0\" rel=\"nofollow\" class=\"wp-block-button__link wp-element-button add_to_cart_button\">Verkauft<\/a><\/div>\n\t\t\t<\/li><li class=\"wc-block-grid__product\">\n\t\t\t\t<a href=\"https:\/\/handbag-sense.com\/de\/produkt\/hermes-birkin-25-togo-naturel-sable\/\" class=\"wc-block-grid__product-link\">\n\t\t\t\t\t\n\t\t\t\t\t<div class=\"wc-block-grid__product-image\"><img decoding=\"async\" width=\"300\" height=\"300\" src=\"https:\/\/handbag-sense.com\/wp-content\/uploads\/2025\/03\/hermes-birkin-25-togo-naturel-sable-gold-hardware-300x300.webp\" class=\"attachment-woocommerce_thumbnail size-woocommerce_thumbnail\" alt=\"Herm&egrave;s Birkin 25 aus Togo-Leder in Naturel Sable mit goldener Hardware &ndash; luxuri&ouml;se kleine Handtasche\" srcset=\"https:\/\/handbag-sense.com\/wp-content\/uploads\/2025\/03\/hermes-birkin-25-togo-naturel-sable-gold-hardware-300x300.webp 300w, https:\/\/handbag-sense.com\/wp-content\/uploads\/2025\/03\/hermes-birkin-25-togo-naturel-sable-gold-hardware-150x150.webp 150w, https:\/\/handbag-sense.com\/wp-content\/uploads\/2025\/03\/hermes-birkin-25-togo-naturel-sable-gold-hardware-100x100.webp 100w\" sizes=\"(max-width: 300px) 100vw, 300px\" title=\"\"><\/div>\n\t\t\t\t\t<div class=\"wc-block-grid__product-title\">Birkin 25 Togo Naturel Sable<\/div>\n\t\t\t\t<\/a>\n\t\t\t\t<div class=\"wc-block-grid__product-price price\"><span class=\"woocommerce-Price-amount amount\">21.900,00&nbsp;<span class=\"woocommerce-Price-currencySymbol\">&euro;<\/span><\/span><\/div><p class=\"wc-gzd-additional-info wc-gzd-additional-info-loop shipping-costs-info\">plus <a href=\"https:\/\/handbag-sense.com\/de\/versandarten\/\" target=\"_blank\">Shipping Costs<\/a><\/p>\n\t\t\t\t\n\t\t\t\t<div class=\"wp-block-button wc-block-grid__product-add-to-cart\"><a href=\"\/de\/wp-json\/wp\/v2\/posts\/1638?add-to-cart=17996\" aria-label=\"In den Warenkorb legen: &bdquo;Birkin 25 Togo Naturel Sable&ldquo;\" data-quantity=\"1\" data-product_id=\"17996\" data-product_sku=\"\" data-price=\"21900\" rel=\"nofollow\" class=\"wp-block-button__link wp-element-button add_to_cart_button ajax_add_to_cart\">Verkauft<\/a><\/div>\n\t\t\t<\/li>\n<li class=\"wc-block-grid__product\">\n\t\t\t\t<a href=\"https:\/\/handbag-sense.com\/de\/produkt\/hermes-birkin-25-gold-togo\/\" class=\"wc-block-grid__product-link\">\n\t\t\t\t\t\n\t\t\t\t\t<div class=\"wc-block-grid__product-image\"><img decoding=\"async\" width=\"300\" height=\"300\" src=\"https:\/\/handbag-sense.com\/wp-content\/uploads\/2025\/02\/hermes-birkin-25-gold-togo--450x450.webp\" class=\"attachment-woocommerce_thumbnail size-woocommerce_thumbnail\" alt=\"Herm\u00e8s Birkin 25 gold Togo-Leder mit goldenen Beschl\u00e4gen \u2013 klassische Luxus-Mini-Handtasche\" srcset=\"https:\/\/handbag-sense.com\/wp-content\/uploads\/2025\/02\/hermes-birkin-25-gold-togo--450x450.webp 450w, https:\/\/handbag-sense.com\/wp-content\/uploads\/2025\/02\/hermes-birkin-25-gold-togo--150x150.webp 150w, https:\/\/handbag-sense.com\/wp-content\/uploads\/2025\/02\/hermes-birkin-25-gold-togo--100x100.webp 100w\" sizes=\"(max-width: 300px) 100vw, 300px\" title=\"\"><\/div>\n\t\t\t\t\t<div class=\"wc-block-grid__product-title\">Birkin 25 Gold Togo<\/div>\n\t\t\t\t<\/a>\n\t\t\t\t<div class=\"wc-block-grid__product-price price\"><\/div>\n\t\t\t\t\n\t\t\t\t<div class=\"wp-block-button wc-block-grid__product-add-to-cart\"><a href=\"https:\/\/handbag-sense.com\/de\/produkt\/hermes-birkin-25-gold-togo\/\" aria-label=\"Lese mehr \u00fcber &#8222;Birkin 25 Gold Togo&#8220;\" data-quantity=\"1\" data-product_id=\"17985\" data-product_sku=\"\" data-price=\"0\" rel=\"nofollow\" class=\"wp-block-button__link wp-element-button add_to_cart_button\">Verkauft<\/a><\/div>\n\t\t\t<\/li><li class=\"wc-block-grid__product\">\n\t\t\t\t<a href=\"https:\/\/handbag-sense.com\/de\/produkt\/hermes-kelly-mini-craie-epsom\/\" class=\"wc-block-grid__product-link\">\n\t\t\t\t\t\n\t\t\t\t\t<div class=\"wc-block-grid__product-image\"><img decoding=\"async\" width=\"300\" height=\"300\" src=\"https:\/\/handbag-sense.com\/wp-content\/uploads\/2025\/03\/Hermes-Kelly-Mini-Craie-Epsom-300x300.webp\" class=\"attachment-woocommerce_thumbnail size-woocommerce_thumbnail\" alt=\"Herm\u00e8s Kelly Mini 20 aus Epsom-Leder in Craie mit Permabrass-Hardware \u2013 elegante Mini-Tasche in Off-White\" srcset=\"https:\/\/handbag-sense.com\/wp-content\/uploads\/2025\/03\/Hermes-Kelly-Mini-Craie-Epsom-300x300.webp 300w, https:\/\/handbag-sense.com\/wp-content\/uploads\/2025\/03\/Hermes-Kelly-Mini-Craie-Epsom-150x150.webp 150w, https:\/\/handbag-sense.com\/wp-content\/uploads\/2025\/03\/Hermes-Kelly-Mini-Craie-Epsom-100x100.webp 100w\" sizes=\"(max-width: 300px) 100vw, 300px\" title=\"\"><\/div>\n\t\t\t\t\t<div class=\"wc-block-grid__product-title\">Kelly Mini Craie Epsom<\/div>\n\t\t\t\t<\/a>\n\t\t\t\t<div class=\"wc-block-grid__product-price price\"><\/div>\n\t\t\t\t\n\t\t\t\t<div class=\"wp-block-button wc-block-grid__product-add-to-cart\"><a href=\"https:\/\/handbag-sense.com\/de\/produkt\/hermes-kelly-mini-craie-epsom\/\" aria-label=\"Lese mehr \u00fcber &#8222;Kelly Mini Craie Epsom&#8220;\" data-quantity=\"1\" data-product_id=\"17606\" data-product_sku=\"\" data-price=\"0\" rel=\"nofollow\" class=\"wp-block-button__link wp-element-button add_to_cart_button\">Verkauft<\/a><\/div>\n\t\t\t<\/li><li class=\"wc-block-grid__product\">\n\t\t\t\t<a href=\"https:\/\/handbag-sense.com\/de\/produkt\/hermes-birkin-25-sellier-craie-epsom\/\" class=\"wc-block-grid__product-link\">\n\t\t\t\t\t\n\t\t\t\t\t<div class=\"wc-block-grid__product-image\"><img decoding=\"async\" width=\"300\" height=\"300\" src=\"https:\/\/handbag-sense.com\/wp-content\/uploads\/2025\/03\/Hermes-Birkin-25-Sellier-Epsom-Craie-300x300.webp\" class=\"attachment-woocommerce_thumbnail size-woocommerce_thumbnail\" alt=\"Herm\u00e8s Birkin 25 Sellier Craie Epsom-Leder mit goldenen Beschl\u00e4gen \u2013 elegante, strukturierte Mini-Handtasche\" srcset=\"https:\/\/handbag-sense.com\/wp-content\/uploads\/2025\/03\/Hermes-Birkin-25-Sellier-Epsom-Craie-300x300.webp 300w, https:\/\/handbag-sense.com\/wp-content\/uploads\/2025\/03\/Hermes-Birkin-25-Sellier-Epsom-Craie-150x150.webp 150w, https:\/\/handbag-sense.com\/wp-content\/uploads\/2025\/03\/Hermes-Birkin-25-Sellier-Epsom-Craie-100x100.webp 100w\" sizes=\"(max-width: 300px) 100vw, 300px\" title=\"\"><\/div>\n\t\t\t\t\t<div class=\"wc-block-grid__product-title\">Birkin 25 Sellier Craie Epsom<\/div>\n\t\t\t\t<\/a>\n\t\t\t\t<div class=\"wc-block-grid__product-price price\"><\/div>\n\t\t\t\t\n\t\t\t\t<div class=\"wp-block-button wc-block-grid__product-add-to-cart\"><a href=\"https:\/\/handbag-sense.com\/de\/produkt\/hermes-birkin-25-sellier-craie-epsom\/\" aria-label=\"Lese mehr \u00fcber &#8222;Birkin 25 Sellier Craie Epsom&#8220;\" data-quantity=\"1\" data-product_id=\"16910\" data-product_sku=\"\" data-price=\"0\" rel=\"nofollow\" class=\"wp-block-button__link wp-element-button add_to_cart_button\">Verkauft<\/a><\/div>\n\t\t\t<\/li><\/ul><\/div>","protected":false},"excerpt":{"rendered":"<p>Diese Tasche ist nach der legend\u00e4ren Grace Kelly benannt. Die m\u00e4chtigsten Frauen der Welt stehen Schlange, um eine zu besitzen. Die Rede ist von der legend\u00e4ren Kelly Bag aus dem franz\u00f6sischen Modehaus Herm\u00e8s. Kelly Bag: Eine Ikone in vielen Varianten Kelly Bag ist eine trapezf\u00f6rmige Damenhandtasche mit einem runden Henkel und Schulterriemen. Kelly Bag ist [&hellip;]<\/p>\n","protected":false},"author":2,"featured_media":1207,"comment_status":"closed","ping_status":"closed","sticky":false,"template":"","format":"standard","meta":{"footnotes":""},"categories":[324],"tags":[724],"class_list":["post-1638","post","type-post","status-publish","format-standard","has-post-thumbnail","hentry","category-hermes-de","tag-hermes-de"],"_links":{"self":[{"href":"https:\/\/handbag-sense.com\/de\/wp-json\/wp\/v2\/posts\/1638","targetHints":{"allow":["GET"]}}],"collection":[{"href":"https:\/\/handbag-sense.com\/de\/wp-json\/wp\/v2\/posts"}],"about":[{"href":"https:\/\/handbag-sense.com\/de\/wp-json\/wp\/v2\/types\/post"}],"author":[{"embeddable":true,"href":"https:\/\/handbag-sense.com\/de\/wp-json\/wp\/v2\/users\/2"}],"replies":[{"embeddable":true,"href":"https:\/\/handbag-sense.com\/de\/wp-json\/wp\/v2\/comments?post=1638"}],"version-history":[{"count":0,"href":"https:\/\/handbag-sense.com\/de\/wp-json\/wp\/v2\/posts\/1638\/revisions"}],"wp:featuredmedia":[{"embeddable":true,"href":"https:\/\/handbag-sense.com\/de\/wp-json\/wp\/v2\/media\/1207"}],"wp:attachment":[{"href":"https:\/\/handbag-sense.com\/de\/wp-json\/wp\/v2\/media?parent=1638"}],"wp:term":[{"taxonomy":"category","embeddable":true,"href":"https:\/\/handbag-sense.com\/de\/wp-json\/wp\/v2\/categories?post=1638"},{"taxonomy":"post_tag","embeddable":true,"href":"https:\/\/handbag-sense.com\/de\/wp-json\/wp\/v2\/tags?post=1638"}],"curies":[{"name":"wp","href":"https:\/\/api.w.org\/{rel}","templated":true}]}}