{"id":14148,"date":"2024-07-27T14:28:47","date_gmt":"2024-07-27T12:28:47","guid":{"rendered":"https:\/\/handbag-sense.com\/7-ways-to-wear-a-scarf-this-summer\/"},"modified":"2024-10-18T20:32:33","modified_gmt":"2024-10-18T18:32:33","slug":"7-ways-to-wear-a-scarf-this-summer","status":"publish","type":"post","link":"https:\/\/handbag-sense.com\/de\/7-ways-to-wear-a-scarf-this-summer\/","title":{"rendered":"7 Wege, ein Tuch diesen Sommer zu tragen"},"content":{"rendered":"\n<div class=\"woocommerce columns-3 \"><ul class=\"products columns-3\">\n<li class=\"product type-product post-25178 status-publish first instock product_cat-abendtasche product_cat-handtasche product_cat-kleine-taschen product_tag-birkin-25-etoupe-de product_tag-hermes-birkin-25-de has-post-thumbnail shipping-taxable purchasable product-type-simple\">\n\t<a href=\"https:\/\/handbag-sense.com\/de\/produkt\/hermes-birkin-25-epsom-ecorce\/\" class=\"woocommerce-LoopProduct-link woocommerce-loop-product__link\"><img decoding=\"async\" width=\"300\" height=\"300\" src=\"https:\/\/handbag-sense.com\/wp-content\/uploads\/2026\/04\/Hermes-Birkin-Tricolore-bag-25-Ecorce-Etoupe-grey-Black-300x300.webp\" class=\"attachment-woocommerce_thumbnail size-woocommerce_thumbnail\" alt=\"Birkin 25 Epsom Ecorce \/ Etoupe \/ Noir Retourne\" srcset=\"https:\/\/handbag-sense.com\/wp-content\/uploads\/2026\/04\/Hermes-Birkin-Tricolore-bag-25-Ecorce-Etoupe-grey-Black-300x300.webp 300w, https:\/\/handbag-sense.com\/wp-content\/uploads\/2026\/04\/Hermes-Birkin-Tricolore-bag-25-Ecorce-Etoupe-grey-Black-150x150.webp 150w, https:\/\/handbag-sense.com\/wp-content\/uploads\/2026\/04\/Hermes-Birkin-Tricolore-bag-25-Ecorce-Etoupe-grey-Black-100x100.webp 100w\" sizes=\"(max-width: 300px) 100vw, 300px\" title=\"\"><h2 class=\"woocommerce-loop-product__title\">Birkin 25 Epsom Ecorce \/ Etoupe \/ Noir Retourne<\/h2>\n\t<span class=\"price\"><span class=\"woocommerce-Price-amount amount\"><bdi>24.500,00&nbsp;<span class=\"woocommerce-Price-currencySymbol\">&euro;<\/span><\/bdi><\/span><\/span>\n\n\n\n<\/a>\n\n\t<p class=\"wc-gzd-additional-info wc-gzd-additional-info-loop shipping-costs-info\">plus <a href=\"https:\/\/handbag-sense.com\/de\/versandarten\/\" target=\"_blank\">Shipping Costs<\/a><\/p>\n\n\n<a href=\"\/de\/wp-json\/wp\/v2\/posts\/14148?add-to-cart=25178\" aria-describedby=\"woocommerce_loop_add_to_cart_link_describedby_25178\" data-quantity=\"1\" class=\"button wp-element-button product_type_simple add_to_cart_button ajax_add_to_cart\" data-product_id=\"25178\" data-product_sku=\"\" aria-label=\"In den Warenkorb legen: \u201eBirkin 25 Epsom Ecorce \/ Etoupe \/ Noir Retourne\u201c\" rel=\"nofollow\" data-success_message=\"\u201eBirkin 25 Epsom Ecorce \/ Etoupe \/ Noir Retourne\u201c wurde deinem Warenkorb hinzugef\u00fcgt\" role=\"button\">In den Warenkorb<\/a>\t<span id=\"woocommerce_loop_add_to_cart_link_describedby_25178\" class=\"screen-reader-text\">\n\t\t\t<\/span>\n<\/li>\n<li class=\"product type-product post-25118 status-publish instock product_cat-abendtasche product_cat-handtasche product_cat-schultertaschen product_tag-chanel-klassisches-schwarz product_tag-chanel-medium-classic-de product_tag-chanel-mittelschwarz has-post-thumbnail sold-individually shipping-taxable purchasable product-type-simple\">\n\t<a href=\"https:\/\/handbag-sense.com\/de\/produkt\/chanel-medium-classic-double-flap-4\/\" class=\"woocommerce-LoopProduct-link woocommerce-loop-product__link\"><img decoding=\"async\" width=\"300\" height=\"300\" src=\"https:\/\/handbag-sense.com\/wp-content\/uploads\/2026\/04\/Chanel-classic-Black-2-300x300.webp\" class=\"attachment-woocommerce_thumbnail size-woocommerce_thumbnail\" alt=\"Chanel Medium Classic black Caviar Double Flap Bag in lambskin with gold hardware \u2013 iconic luxury handbag\" srcset=\"https:\/\/handbag-sense.com\/wp-content\/uploads\/2026\/04\/Chanel-classic-Black-2-300x300.webp 300w, https:\/\/handbag-sense.com\/wp-content\/uploads\/2026\/04\/Chanel-classic-Black-2-150x150.webp 150w, https:\/\/handbag-sense.com\/wp-content\/uploads\/2026\/04\/Chanel-classic-Black-2-100x100.webp 100w\" sizes=\"(max-width: 300px) 100vw, 300px\" title=\"\"><h2 class=\"woocommerce-loop-product__title\">Medium Classic Double Flap Bag Schwarz Caviar<\/h2>\n\t<span class=\"price\"><span class=\"woocommerce-Price-amount amount\"><bdi>7.100,00&nbsp;<span class=\"woocommerce-Price-currencySymbol\">&euro;<\/span><\/bdi><\/span><\/span>\n\n\n\n<\/a>\n\n\t<p class=\"wc-gzd-additional-info wc-gzd-additional-info-loop shipping-costs-info\">plus <a href=\"https:\/\/handbag-sense.com\/de\/versandarten\/\" target=\"_blank\">Shipping Costs<\/a><\/p>\n\n\n<a href=\"\/de\/wp-json\/wp\/v2\/posts\/14148?add-to-cart=25118\" aria-describedby=\"woocommerce_loop_add_to_cart_link_describedby_25118\" data-quantity=\"1\" class=\"button wp-element-button product_type_simple add_to_cart_button ajax_add_to_cart\" data-product_id=\"25118\" data-product_sku=\"\" aria-label=\"In den Warenkorb legen: \u201eMedium Classic Double Flap Bag Schwarz Caviar\u201c\" rel=\"nofollow\" data-success_message=\"\u201eMedium Classic Double Flap Bag Schwarz Caviar\u201c wurde deinem Warenkorb hinzugef\u00fcgt\" role=\"button\">In den Warenkorb<\/a>\t<span id=\"woocommerce_loop_add_to_cart_link_describedby_25118\" class=\"screen-reader-text\">\n\t\t\t<\/span>\n<\/li>\n<li class=\"product type-product post-25115 status-publish last instock product_cat-handtasche product_cat-shopper-de product_tag-birkin-35-togo-de product_tag-hermes-birkin-35-de product_tag-hermes-birkin-tasche has-post-thumbnail sold-individually purchasable product-type-simple\">\n\t<a href=\"https:\/\/handbag-sense.com\/de\/produkt\/hermes-birkin-35-etoupe-togo\/\" class=\"woocommerce-LoopProduct-link woocommerce-loop-product__link\"><img decoding=\"async\" width=\"300\" height=\"300\" src=\"https:\/\/handbag-sense.com\/wp-content\/uploads\/2026\/04\/hermes-birkin-35-etoupe-togo-300x300.webp\" class=\"attachment-woocommerce_thumbnail size-woocommerce_thumbnail\" alt=\"Birkin 35 Etoupe Togo\" srcset=\"https:\/\/handbag-sense.com\/wp-content\/uploads\/2026\/04\/hermes-birkin-35-etoupe-togo-300x300.webp 300w, https:\/\/handbag-sense.com\/wp-content\/uploads\/2026\/04\/hermes-birkin-35-etoupe-togo-150x150.webp 150w, https:\/\/handbag-sense.com\/wp-content\/uploads\/2026\/04\/hermes-birkin-35-etoupe-togo-100x100.webp 100w\" sizes=\"(max-width: 300px) 100vw, 300px\" title=\"\"><h2 class=\"woocommerce-loop-product__title\">Birkin 35 Etoupe Togo<\/h2>\n\t<span class=\"price\"><span class=\"woocommerce-Price-amount amount\"><bdi>15.500,00&nbsp;<span class=\"woocommerce-Price-currencySymbol\">&euro;<\/span><\/bdi><\/span><\/span>\n\n\n\n<\/a>\n\t<p class=\"wc-gzd-additional-info wc-gzd-additional-info-loop tax-info\">incl. VAT (differential taxation according to \u00a725a UStG.)<\/p>\n\n\t<p class=\"wc-gzd-additional-info wc-gzd-additional-info-loop shipping-costs-info\">plus <a href=\"https:\/\/handbag-sense.com\/de\/versandarten\/\" target=\"_blank\">Shipping Costs<\/a><\/p>\n\n\n<a href=\"\/de\/wp-json\/wp\/v2\/posts\/14148?add-to-cart=25115\" aria-describedby=\"woocommerce_loop_add_to_cart_link_describedby_25115\" data-quantity=\"1\" class=\"button wp-element-button product_type_simple add_to_cart_button ajax_add_to_cart\" data-product_id=\"25115\" data-product_sku=\"\" aria-label=\"In den Warenkorb legen: \u201eBirkin 35 Etoupe Togo\u201c\" rel=\"nofollow\" data-success_message=\"\u201eBirkin 35 Etoupe Togo\u201c wurde deinem Warenkorb hinzugef\u00fcgt\" role=\"button\">In den Warenkorb<\/a>\t<span id=\"woocommerce_loop_add_to_cart_link_describedby_25115\" class=\"screen-reader-text\">\n\t\t\t<\/span>\n<\/li>\n<li class=\"product type-product post-25104 status-publish first instock product_cat-handtasche product_tag-birkin-30-schwarz product_tag-hermes-birkin-30-de product_tag-hermes-birkin-tasche has-post-thumbnail sold-individually shipping-taxable purchasable product-type-simple\">\n\t<a href=\"https:\/\/handbag-sense.com\/de\/produkt\/hermes-birkin-30-etoupe-togo-2\/\" class=\"woocommerce-LoopProduct-link woocommerce-loop-product__link\"><img decoding=\"async\" width=\"300\" height=\"300\" src=\"https:\/\/handbag-sense.com\/wp-content\/uploads\/2026\/04\/hermes-Birkin-30-Etoupe-togo-300x300.webp\" class=\"attachment-woocommerce_thumbnail size-woocommerce_thumbnail\" alt=\"Birkin 30 Etoupe Togo\" srcset=\"https:\/\/handbag-sense.com\/wp-content\/uploads\/2026\/04\/hermes-Birkin-30-Etoupe-togo-300x300.webp 300w, https:\/\/handbag-sense.com\/wp-content\/uploads\/2026\/04\/hermes-Birkin-30-Etoupe-togo-150x150.webp 150w, https:\/\/handbag-sense.com\/wp-content\/uploads\/2026\/04\/hermes-Birkin-30-Etoupe-togo-100x100.webp 100w\" sizes=\"(max-width: 300px) 100vw, 300px\" title=\"\"><h2 class=\"woocommerce-loop-product__title\">Birkin 30 Etoupe Togo<\/h2>\n\t<span class=\"price\"><span class=\"woocommerce-Price-amount amount\"><bdi>17.500,00&nbsp;<span class=\"woocommerce-Price-currencySymbol\">&euro;<\/span><\/bdi><\/span><\/span>\n\n\n\n<\/a>\n\n\t<p class=\"wc-gzd-additional-info wc-gzd-additional-info-loop shipping-costs-info\">plus <a href=\"https:\/\/handbag-sense.com\/de\/versandarten\/\" target=\"_blank\">Shipping Costs<\/a><\/p>\n\n\n<a href=\"\/de\/wp-json\/wp\/v2\/posts\/14148?add-to-cart=25104\" aria-describedby=\"woocommerce_loop_add_to_cart_link_describedby_25104\" data-quantity=\"1\" class=\"button wp-element-button product_type_simple add_to_cart_button ajax_add_to_cart\" data-product_id=\"25104\" data-product_sku=\"\" aria-label=\"In den Warenkorb legen: \u201eBirkin 30 Etoupe Togo\u201c\" rel=\"nofollow\" data-success_message=\"\u201eBirkin 30 Etoupe Togo\u201c wurde deinem Warenkorb hinzugef\u00fcgt\" role=\"button\">In den Warenkorb<\/a>\t<span id=\"woocommerce_loop_add_to_cart_link_describedby_25104\" class=\"screen-reader-text\">\n\t\t\t<\/span>\n<\/li>\n<li class=\"product type-product post-25032 status-publish instock product_cat-reisetasche product_tag-bandouliere-55-x-yk-de product_tag-louis-vuitton-kurbis-print has-post-thumbnail shipping-taxable purchasable product-type-simple\">\n\t<a href=\"https:\/\/handbag-sense.com\/de\/produkt\/louis-vuitton-keepall-light-up\/\" class=\"woocommerce-LoopProduct-link woocommerce-loop-product__link\"><img decoding=\"async\" width=\"300\" height=\"300\" src=\"https:\/\/handbag-sense.com\/wp-content\/uploads\/2026\/04\/Louis-Vuitton-LED-Keepall-Light-Up-300x300.webp\" class=\"attachment-woocommerce_thumbnail size-woocommerce_thumbnail\" alt=\"Keepall Light Up Monogram 50 LED\" srcset=\"https:\/\/handbag-sense.com\/wp-content\/uploads\/2026\/04\/Louis-Vuitton-LED-Keepall-Light-Up-300x300.webp 300w, https:\/\/handbag-sense.com\/wp-content\/uploads\/2026\/04\/Louis-Vuitton-LED-Keepall-Light-Up-150x150.webp 150w, https:\/\/handbag-sense.com\/wp-content\/uploads\/2026\/04\/Louis-Vuitton-LED-Keepall-Light-Up-100x100.webp 100w\" sizes=\"(max-width: 300px) 100vw, 300px\" title=\"\"><h2 class=\"woocommerce-loop-product__title\">Keepall Light Up Monogram 50 LED<\/h2>\n\t<span class=\"price\"><span class=\"woocommerce-Price-amount amount\"><bdi>23.900,00&nbsp;<span class=\"woocommerce-Price-currencySymbol\">&euro;<\/span><\/bdi><\/span><\/span>\n\n\n\n<\/a>\n\n\t<p class=\"wc-gzd-additional-info wc-gzd-additional-info-loop shipping-costs-info\">plus <a href=\"https:\/\/handbag-sense.com\/de\/versandarten\/\" target=\"_blank\">Shipping Costs<\/a><\/p>\n\n\n<a href=\"\/de\/wp-json\/wp\/v2\/posts\/14148?add-to-cart=25032\" aria-describedby=\"woocommerce_loop_add_to_cart_link_describedby_25032\" data-quantity=\"1\" class=\"button wp-element-button product_type_simple add_to_cart_button ajax_add_to_cart\" data-product_id=\"25032\" data-product_sku=\"\" aria-label=\"In den Warenkorb legen: \u201eKeepall Light Up Monogram 50 LED\u201c\" rel=\"nofollow\" data-success_message=\"\u201eKeepall Light Up Monogram 50 LED\u201c wurde deinem Warenkorb hinzugef\u00fcgt\" role=\"button\">In den Warenkorb<\/a>\t<span id=\"woocommerce_loop_add_to_cart_link_describedby_25032\" class=\"screen-reader-text\">\n\t\t\t<\/span>\n<\/li>\n<li class=\"product type-product post-25028 status-publish last instock product_cat-kleine-taschen product_cat-schultertaschen product_tag-hermes-evelyne-16-de product_tag-hermes-evelyne-mini-de has-post-thumbnail shipping-taxable purchasable product-type-simple\">\n\t<a href=\"https:\/\/handbag-sense.com\/de\/produkt\/hermes-evelyne-16-taurillon-clemence\/\" class=\"woocommerce-LoopProduct-link woocommerce-loop-product__link\"><img decoding=\"async\" width=\"300\" height=\"300\" src=\"https:\/\/handbag-sense.com\/wp-content\/uploads\/2026\/04\/Hermes-mini-Evelyne-etoupe-2-300x300.webp\" class=\"attachment-woocommerce_thumbnail size-woocommerce_thumbnail\" alt=\"Evelyne 16 Taurillon Clemence Etoupe\" srcset=\"https:\/\/handbag-sense.com\/wp-content\/uploads\/2026\/04\/Hermes-mini-Evelyne-etoupe-2-300x300.webp 300w, https:\/\/handbag-sense.com\/wp-content\/uploads\/2026\/04\/Hermes-mini-Evelyne-etoupe-2-150x150.webp 150w, https:\/\/handbag-sense.com\/wp-content\/uploads\/2026\/04\/Hermes-mini-Evelyne-etoupe-2-100x100.webp 100w\" sizes=\"(max-width: 300px) 100vw, 300px\" title=\"\"><h2 class=\"woocommerce-loop-product__title\">Evelyne 16 Taurillon Clemence Etoupe<\/h2>\n\t<span class=\"price\"><span class=\"woocommerce-Price-amount amount\"><bdi>2.450,00&nbsp;<span class=\"woocommerce-Price-currencySymbol\">&euro;<\/span><\/bdi><\/span><\/span>\n\n\n\n<\/a>\n\n\t<p class=\"wc-gzd-additional-info wc-gzd-additional-info-loop shipping-costs-info\">plus <a href=\"https:\/\/handbag-sense.com\/de\/versandarten\/\" target=\"_blank\">Shipping Costs<\/a><\/p>\n\n\n<a href=\"\/de\/wp-json\/wp\/v2\/posts\/14148?add-to-cart=25028\" aria-describedby=\"woocommerce_loop_add_to_cart_link_describedby_25028\" data-quantity=\"1\" class=\"button wp-element-button product_type_simple add_to_cart_button ajax_add_to_cart\" data-product_id=\"25028\" data-product_sku=\"\" aria-label=\"In den Warenkorb legen: \u201eEvelyne 16 Taurillon Clemence Etoupe\u201c\" rel=\"nofollow\" data-success_message=\"\u201eEvelyne 16 Taurillon Clemence Etoupe\u201c wurde deinem Warenkorb hinzugef\u00fcgt\" role=\"button\">In den Warenkorb<\/a>\t<span id=\"woocommerce_loop_add_to_cart_link_describedby_25028\" class=\"screen-reader-text\">\n\t\t\t<\/span>\n<\/li>\n<\/ul>\n<\/div>\n\n\n\n<p><strong><a href=\"https:\/\/handbag-sense.com\/de\">Aktuelle Ideen<\/a> f\u00fcr Ihre Looks<\/strong><br>Jeden Sommer versuchen wir, unseren Kleiderschrank mit Kleidungsst\u00fccken zu f\u00fcllen, die zu verschiedenen Stilen und Anl\u00e4ssen passen. In diesem Sommer ist das Tuch zu einem solchen Element geworden \u2014 eines der vielseitigsten Accessoires, das sowohl allt\u00e4gliche als auch Strand- oder formellere Outfits erg\u00e4nzt.<\/p>\n\n\n\n<p>Die Frage ist, wie man ein Tuch tr\u00e4gt, damit der Look komplett und stilvoll ist? Alles h\u00e4ngt von Ihrer Fantasie und Kreativit\u00e4t ab, da es keinen einzigen richtigen Weg gibt, ein Tuch zu tragen. Um Ihnen zu helfen, haben wir mehrere Ideen gesammelt, wie die modischsten M\u00e4dchen auf Instagram ihre T\u00fccher stylen.<\/p>\n\n\n\n<p><strong>1. Als Kopfbedeckung<\/strong><br>Diese Methode ist wahrscheinlich die beliebteste f\u00fcr einen Sommerlook. Das Tuch schm\u00fcckt nicht nur, sondern sch\u00fctzt auch den Kopf vor der Sonne, was bei hei\u00dfem Wetter sehr wichtig ist. Binden Sie das Tuch unter Ihrem Kinn oder am Hinterkopf oder tragen Sie es wie ein Kopftuch oder Bandana. Kombinieren Sie es mit einem Badeanzug, einem leichten Anzug und einer geflochtenen Tasche \u2014 und Ihr Sommerlook ist fertig.<\/p>\n\n\n\n<p><strong>2. Um den Hals<\/strong><br>Im Sommer bevorzugen wir oft, den Hals frei zu lassen, um k\u00fchl zu bleiben. Aber das bedeutet nicht, dass Sie das Tragen eines Tuches um den Hals vergessen sollten. W\u00e4hlen Sie leichte, nat\u00fcrliche Stoffe und binden Sie das Tuch locker, um die Luftzirkulation zu gew\u00e4hrleisten. Kombinieren Sie es mit einem eleganten Kleid oder einer zarten Bluse und Hosen.<\/p>\n\n\n\n<p><strong>3. Auf den Schultern<\/strong><br>Wenn Sie es nicht m\u00f6gen, ein Tuch um den Hals zu binden, k\u00f6nnen Sie es \u00fcber die Schultern legen. Diese Methode eignet sich besonders f\u00fcr Kleider oder Tops mit offenen Schultern. Das Tuch sch\u00fctzt vor dem Wind und verleiht Ihrem Look eine romantische Note.<\/p>\n\n\n\n<p><strong>4. An der Tasche<\/strong><br><a href=\"https:\/\/handbag-sense.com\/de\">In dieser Saison<\/a> sind verschiedene Taschenverzierungen beliebt. Fashionistas verwenden Schl\u00fcsselanh\u00e4nger, Schleifen aus B\u00e4ndern, massive Ketten und nat\u00fcrlich T\u00fccher. W\u00e4hlen Sie ein helles Tuch mit Print und binden Sie es an den Griff Ihrer Tasche, um einen Akzentlook zu schaffen.<\/p>\n\n\n\n<p><strong>5. Im Haar<\/strong><br>Ein Tuch kann nicht nur als Kopfbedeckung, sondern auch als Haarschmuck verwendet werden. Es gibt viele Optionen: Flechten Sie das Tuch in einen Zopf, binden Sie es um einen Pferdeschwanz oder verwenden Sie es als Haarband. Dies verleiht Ihrem Look eine besondere Note.<\/p>\n\n\n\n<p><strong>6. Als Top<\/strong><br>Jeden Sommer k\u00f6nnen Sie viele Fashionistas auf den Stra\u00dfen sehen, die T\u00fccher als Tops tragen, indem sie sie am R\u00fccken binden oder \u00fcber der Brust kreuzen. In diesem Jahr hat Hailey Bieber diese Methode geliebt und ein Tuch zu ihrem Badeanzug hinzugef\u00fcgt. Sie k\u00f6nnen ein Tuch mit einem Maxirock, Shorts oder Hosen kombinieren.<\/p>\n\n\n\n<p><strong>7. Um die Taille \u00fcber dem Badeanzug<\/strong><br>Diese Methode ist besonders relevant f\u00fcr einen Strandlook. W\u00e4hlen Sie ein gro\u00dfes Tuch und binden Sie es seitlich an Ihrer Taille \u00fcber dem Badeanzug. F\u00fcgen Sie ein paar Accessoires wie eine massive Tasche und Sonnenbrillen hinzu \u2014 und Sie sind bereit, die Str\u00e4nde zu erobern.<\/p>\n\n\n\n<p>Dieses Accessoire verleiht nicht nur jedem Look Stil, sondern erm\u00f6glicht es Ihnen auch, mit verschiedenen Kombinationen und Stilen zu experimentieren und dabei modisch und originell zu bleiben.<\/p>\n","protected":false},"excerpt":{"rendered":"<p>Aktuelle Ideen f\u00fcr Ihre LooksJeden Sommer versuchen wir, unseren Kleiderschrank mit Kleidungsst\u00fccken zu f\u00fcllen, die zu verschiedenen Stilen und Anl\u00e4ssen passen. In diesem Sommer ist das Tuch zu einem solchen Element geworden \u2014 eines der vielseitigsten Accessoires, das sowohl allt\u00e4gliche als auch Strand- oder formellere Outfits erg\u00e4nzt. Die Frage ist, wie man ein Tuch tr\u00e4gt, [&hellip;]<\/p>\n","protected":false},"author":2,"featured_media":18142,"comment_status":"closed","ping_status":"closed","sticky":false,"template":"","format":"standard","meta":{"footnotes":""},"categories":[324],"tags":[],"class_list":["post-14148","post","type-post","status-publish","format-standard","has-post-thumbnail","hentry","category-hermes-de"],"_links":{"self":[{"href":"https:\/\/handbag-sense.com\/de\/wp-json\/wp\/v2\/posts\/14148","targetHints":{"allow":["GET"]}}],"collection":[{"href":"https:\/\/handbag-sense.com\/de\/wp-json\/wp\/v2\/posts"}],"about":[{"href":"https:\/\/handbag-sense.com\/de\/wp-json\/wp\/v2\/types\/post"}],"author":[{"embeddable":true,"href":"https:\/\/handbag-sense.com\/de\/wp-json\/wp\/v2\/users\/2"}],"replies":[{"embeddable":true,"href":"https:\/\/handbag-sense.com\/de\/wp-json\/wp\/v2\/comments?post=14148"}],"version-history":[{"count":0,"href":"https:\/\/handbag-sense.com\/de\/wp-json\/wp\/v2\/posts\/14148\/revisions"}],"wp:featuredmedia":[{"embeddable":true,"href":"https:\/\/handbag-sense.com\/de\/wp-json\/wp\/v2\/media\/18142"}],"wp:attachment":[{"href":"https:\/\/handbag-sense.com\/de\/wp-json\/wp\/v2\/media?parent=14148"}],"wp:term":[{"taxonomy":"category","embeddable":true,"href":"https:\/\/handbag-sense.com\/de\/wp-json\/wp\/v2\/categories?post=14148"},{"taxonomy":"post_tag","embeddable":true,"href":"https:\/\/handbag-sense.com\/de\/wp-json\/wp\/v2\/tags?post=14148"}],"curies":[{"name":"wp","href":"https:\/\/api.w.org\/{rel}","templated":true}]}}